{"id":7981,"date":"2024-12-15T16:25:48","date_gmt":"2024-12-15T15:25:48","guid":{"rendered":"https:\/\/wgphoto.pl\/t\/?p=7981"},"modified":"2024-12-15T16:25:48","modified_gmt":"2024-12-15T15:25:48","slug":"120nas2-nr-828","status":"publish","type":"post","link":"https:\/\/wgphoto.pl\/t\/?p=7981","title":{"rendered":"120NaS2 nr 828"},"content":{"rendered":"\n<figure class=\"wp-block-image aligncenter size-full\"><img loading=\"lazy\" decoding=\"async\" width=\"1050\" height=\"700\" src=\"https:\/\/wgphoto.pl\/t\/wp-content\/uploads\/2024\/12\/IMGP8579.jpg\" alt=\"\" class=\"wp-image-7982\" srcset=\"https:\/\/wgphoto.pl\/t\/wp-content\/uploads\/2024\/12\/IMGP8579.jpg 1050w, https:\/\/wgphoto.pl\/t\/wp-content\/uploads\/2024\/12\/IMGP8579-300x200.jpg 300w, https:\/\/wgphoto.pl\/t\/wp-content\/uploads\/2024\/12\/IMGP8579-768x512.jpg 768w\" sizes=\"auto, (max-width: 1050px) 100vw, 1050px\" \/><\/figure>\n\n\n\n<div class=\"wp-block-group has-global-padding is-layout-constrained wp-block-group-is-layout-constrained\">\n<p>Najnowszy szczeci\u0144ski Swing z\u0142apany zosta\u0142 w obr\u0119bie w\u0119z\u0142a komunikacyjnego Brama Portowa, bior\u0105cego sw\u0105 nazw\u0119 od widocznej w tle budowli. 24.11.2014<\/p>\n<\/div>\n","protected":false},"excerpt":{"rendered":"<p>Najnowszy szczeci\u0144ski Swing z\u0142apany zosta\u0142 w obr\u0119bie w\u0119z\u0142a komunikacyjnego Brama Portowa, bior\u0105cego sw\u0105 nazw\u0119 od widocznej w tle budowli. 24.11.2014<\/p>\n","protected":false},"author":1,"featured_media":7982,"comment_status":"open","ping_status":"","sticky":false,"template":"","format":"standard","meta":{"footnotes":""},"categories":[48,3],"tags":[2665,34,1161,27,301,302],"class_list":["post-7981","post","type-post","status-publish","format-standard","has-post-thumbnail","hentry","category-rok-2014","category-tramwaj","tag-2014-11-24","tag-architektura","tag-pesa-swing","tag-polska","tag-szczecin","tag-tramwaje-szczecinskie"],"_links":{"self":[{"href":"https:\/\/wgphoto.pl\/t\/index.php?rest_route=\/wp\/v2\/posts\/7981","targetHints":{"allow":["GET"]}}],"collection":[{"href":"https:\/\/wgphoto.pl\/t\/index.php?rest_route=\/wp\/v2\/posts"}],"about":[{"href":"https:\/\/wgphoto.pl\/t\/index.php?rest_route=\/wp\/v2\/types\/post"}],"author":[{"embeddable":true,"href":"https:\/\/wgphoto.pl\/t\/index.php?rest_route=\/wp\/v2\/users\/1"}],"replies":[{"embeddable":true,"href":"https:\/\/wgphoto.pl\/t\/index.php?rest_route=%2Fwp%2Fv2%2Fcomments&post=7981"}],"version-history":[{"count":1,"href":"https:\/\/wgphoto.pl\/t\/index.php?rest_route=\/wp\/v2\/posts\/7981\/revisions"}],"predecessor-version":[{"id":7983,"href":"https:\/\/wgphoto.pl\/t\/index.php?rest_route=\/wp\/v2\/posts\/7981\/revisions\/7983"}],"wp:featuredmedia":[{"embeddable":true,"href":"https:\/\/wgphoto.pl\/t\/index.php?rest_route=\/wp\/v2\/media\/7982"}],"wp:attachment":[{"href":"https:\/\/wgphoto.pl\/t\/index.php?rest_route=%2Fwp%2Fv2%2Fmedia&parent=7981"}],"wp:term":[{"taxonomy":"category","embeddable":true,"href":"https:\/\/wgphoto.pl\/t\/index.php?rest_route=%2Fwp%2Fv2%2Fcategories&post=7981"},{"taxonomy":"post_tag","embeddable":true,"href":"https:\/\/wgphoto.pl\/t\/index.php?rest_route=%2Fwp%2Fv2%2Ftags&post=7981"}],"curies":[{"name":"wp","href":"https:\/\/api.w.org\/{rel}","templated":true}]}}