{"id":799,"date":"2024-09-30T21:07:26","date_gmt":"2024-09-30T19:07:26","guid":{"rendered":"https:\/\/wgphoto.pl\/t\/?p=799"},"modified":"2024-09-30T21:07:26","modified_gmt":"2024-09-30T19:07:26","slug":"km-867","status":"publish","type":"post","link":"https:\/\/wgphoto.pl\/t\/?p=799","title":{"rendered":"Km 86,7"},"content":{"rendered":"\n<figure class=\"wp-block-image aligncenter size-full\"><img loading=\"lazy\" decoding=\"async\" width=\"1200\" height=\"800\" src=\"https:\/\/wgphoto.pl\/t\/wp-content\/uploads\/2024\/09\/0426-34.jpg\" alt=\"\" class=\"wp-image-800\" srcset=\"https:\/\/wgphoto.pl\/t\/wp-content\/uploads\/2024\/09\/0426-34.jpg 1200w, https:\/\/wgphoto.pl\/t\/wp-content\/uploads\/2024\/09\/0426-34-300x200.jpg 300w, https:\/\/wgphoto.pl\/t\/wp-content\/uploads\/2024\/09\/0426-34-768x512.jpg 768w\" sizes=\"auto, (max-width: 1200px) 100vw, 1200px\" \/><\/figure>\n\n\n\n<div class=\"wp-block-group has-global-padding is-layout-constrained wp-block-group-is-layout-constrained\">\n<p>SU46-032 z IC241\/73000 &#8222;Wawel&#8221; relacji Hamburg Altona &#8211; Krak\u00f3w G\u0142\u00f3wny wyjecha\u0142 z Rokitek na szlak do Mi\u0142kowic. Obok stoi tarcza ostrzegawcza odnosz\u0105ca si\u0119 do semafora wjazdowego do Rokitek na nieczynnej linii od strony Chojnowa. \u015awiat\u0142o trafi\u0142o si\u0119 nieszczeg\u00f3lne, bo akurat zbiera\u0142o si\u0119 na ulew\u0119. 29.09.2004<\/p>\n<\/div>\n","protected":false},"excerpt":{"rendered":"<p>SU46-032 z IC241\/73000 &#8222;Wawel&#8221; relacji Hamburg Altona &#8211; Krak\u00f3w G\u0142\u00f3wny wyjecha\u0142 z Rokitek na szlak do Mi\u0142kowic. Obok stoi tarcza ostrzegawcza odnosz\u0105ca si\u0119 do semafora wjazdowego do Rokitek na nieczynnej linii od strony Chojnowa. \u015awiat\u0142o trafi\u0142o si\u0119 nieszczeg\u00f3lne, bo akurat zbiera\u0142o si\u0119 na ulew\u0119. 29.09.2004<\/p>\n","protected":false},"author":1,"featured_media":800,"comment_status":"open","ping_status":"","sticky":false,"template":"","format":"standard","meta":{"footnotes":""},"categories":[62,2,61],"tags":[357,66,63,27,65,84,53,356],"class_list":["post-799","post","type-post","status-publish","format-standard","has-post-thumbnail","hentry","category-analog","category-kolej","category-rok-2004","tag-2004-09-29","tag-goliszow","tag-pkp","tag-polska","tag-rokitki","tag-su46","tag-sygnalizacja-ksztaltowa","tag-tab-pl270"],"_links":{"self":[{"href":"https:\/\/wgphoto.pl\/t\/index.php?rest_route=\/wp\/v2\/posts\/799","targetHints":{"allow":["GET"]}}],"collection":[{"href":"https:\/\/wgphoto.pl\/t\/index.php?rest_route=\/wp\/v2\/posts"}],"about":[{"href":"https:\/\/wgphoto.pl\/t\/index.php?rest_route=\/wp\/v2\/types\/post"}],"author":[{"embeddable":true,"href":"https:\/\/wgphoto.pl\/t\/index.php?rest_route=\/wp\/v2\/users\/1"}],"replies":[{"embeddable":true,"href":"https:\/\/wgphoto.pl\/t\/index.php?rest_route=%2Fwp%2Fv2%2Fcomments&post=799"}],"version-history":[{"count":1,"href":"https:\/\/wgphoto.pl\/t\/index.php?rest_route=\/wp\/v2\/posts\/799\/revisions"}],"predecessor-version":[{"id":801,"href":"https:\/\/wgphoto.pl\/t\/index.php?rest_route=\/wp\/v2\/posts\/799\/revisions\/801"}],"wp:featuredmedia":[{"embeddable":true,"href":"https:\/\/wgphoto.pl\/t\/index.php?rest_route=\/wp\/v2\/media\/800"}],"wp:attachment":[{"href":"https:\/\/wgphoto.pl\/t\/index.php?rest_route=%2Fwp%2Fv2%2Fmedia&parent=799"}],"wp:term":[{"taxonomy":"category","embeddable":true,"href":"https:\/\/wgphoto.pl\/t\/index.php?rest_route=%2Fwp%2Fv2%2Fcategories&post=799"},{"taxonomy":"post_tag","embeddable":true,"href":"https:\/\/wgphoto.pl\/t\/index.php?rest_route=%2Fwp%2Fv2%2Ftags&post=799"}],"curies":[{"name":"wp","href":"https:\/\/api.w.org\/{rel}","templated":true}]}}