{"id":7999,"date":"2024-12-15T16:31:58","date_gmt":"2024-12-15T15:31:58","guid":{"rendered":"https:\/\/wgphoto.pl\/t\/?p=7999"},"modified":"2024-12-15T16:31:58","modified_gmt":"2024-12-15T15:31:58","slug":"przystanek-wiedenski-w-szczecinie","status":"publish","type":"post","link":"https:\/\/wgphoto.pl\/t\/?p=7999","title":{"rendered":"Przystanek wiede\u0144ski w Szczecinie"},"content":{"rendered":"\n<figure class=\"wp-block-image aligncenter size-full\"><img loading=\"lazy\" decoding=\"async\" width=\"1200\" height=\"795\" src=\"https:\/\/wgphoto.pl\/t\/wp-content\/uploads\/2024\/12\/IMGP8565.jpg\" alt=\"\" class=\"wp-image-8000\" srcset=\"https:\/\/wgphoto.pl\/t\/wp-content\/uploads\/2024\/12\/IMGP8565.jpg 1200w, https:\/\/wgphoto.pl\/t\/wp-content\/uploads\/2024\/12\/IMGP8565-300x199.jpg 300w, https:\/\/wgphoto.pl\/t\/wp-content\/uploads\/2024\/12\/IMGP8565-768x509.jpg 768w\" sizes=\"auto, (max-width: 1200px) 100vw, 1200px\" \/><\/figure>\n\n\n\n<div class=\"wp-block-group has-global-padding is-layout-constrained wp-block-group-is-layout-constrained\">\n<p>Szczecin, ul. Niemierzy\u0144ska. Sk\u0142ad 2xKT4Dt zatrzymuje si\u0119 przy wyniesionym pasie jezdni stanowi\u0105cym peron przystanku Muzeum techniki. Rzeczone muzeum zajmuje hale zamkni\u0119tej 10 lat temu tramwajowej zajezdni Niemierzyn. 24.11.2014<\/p>\n<\/div>\n","protected":false},"excerpt":{"rendered":"<p>Szczecin, ul. Niemierzy\u0144ska. Sk\u0142ad 2xKT4Dt zatrzymuje si\u0119 przy wyniesionym pasie jezdni stanowi\u0105cym peron przystanku Muzeum techniki. Rzeczone muzeum zajmuje hale zamkni\u0119tej 10 lat temu tramwajowej zajezdni Niemierzyn. 24.11.2014<\/p>\n","protected":false},"author":1,"featured_media":8000,"comment_status":"open","ping_status":"","sticky":false,"template":"","format":"standard","meta":{"footnotes":""},"categories":[48,3],"tags":[2665,13,230,27,143,301,33,302],"class_list":["post-7999","post","type-post","status-publish","format-standard","has-post-thumbnail","hentry","category-rok-2014","category-tramwaj","tag-2014-11-24","tag-deszcz","tag-infrastruktura","tag-polska","tag-ponad-30m","tag-szczecin","tag-tatra-kt4","tag-tramwaje-szczecinskie"],"_links":{"self":[{"href":"https:\/\/wgphoto.pl\/t\/index.php?rest_route=\/wp\/v2\/posts\/7999","targetHints":{"allow":["GET"]}}],"collection":[{"href":"https:\/\/wgphoto.pl\/t\/index.php?rest_route=\/wp\/v2\/posts"}],"about":[{"href":"https:\/\/wgphoto.pl\/t\/index.php?rest_route=\/wp\/v2\/types\/post"}],"author":[{"embeddable":true,"href":"https:\/\/wgphoto.pl\/t\/index.php?rest_route=\/wp\/v2\/users\/1"}],"replies":[{"embeddable":true,"href":"https:\/\/wgphoto.pl\/t\/index.php?rest_route=%2Fwp%2Fv2%2Fcomments&post=7999"}],"version-history":[{"count":1,"href":"https:\/\/wgphoto.pl\/t\/index.php?rest_route=\/wp\/v2\/posts\/7999\/revisions"}],"predecessor-version":[{"id":8001,"href":"https:\/\/wgphoto.pl\/t\/index.php?rest_route=\/wp\/v2\/posts\/7999\/revisions\/8001"}],"wp:featuredmedia":[{"embeddable":true,"href":"https:\/\/wgphoto.pl\/t\/index.php?rest_route=\/wp\/v2\/media\/8000"}],"wp:attachment":[{"href":"https:\/\/wgphoto.pl\/t\/index.php?rest_route=%2Fwp%2Fv2%2Fmedia&parent=7999"}],"wp:term":[{"taxonomy":"category","embeddable":true,"href":"https:\/\/wgphoto.pl\/t\/index.php?rest_route=%2Fwp%2Fv2%2Fcategories&post=7999"},{"taxonomy":"post_tag","embeddable":true,"href":"https:\/\/wgphoto.pl\/t\/index.php?rest_route=%2Fwp%2Fv2%2Ftags&post=7999"}],"curies":[{"name":"wp","href":"https:\/\/api.w.org\/{rel}","templated":true}]}}