{"id":8005,"date":"2024-12-15T16:33:54","date_gmt":"2024-12-15T15:33:54","guid":{"rendered":"https:\/\/wgphoto.pl\/t\/?p=8005"},"modified":"2024-12-15T16:34:44","modified_gmt":"2024-12-15T15:34:44","slug":"adtranz-gt6u-nr-1559","status":"publish","type":"post","link":"https:\/\/wgphoto.pl\/t\/?p=8005","title":{"rendered":"ADtranz GT6U nr 1559"},"content":{"rendered":"\n<figure class=\"wp-block-image aligncenter size-full\"><img loading=\"lazy\" decoding=\"async\" width=\"1050\" height=\"700\" src=\"https:\/\/wgphoto.pl\/t\/wp-content\/uploads\/2024\/12\/IMGP8636.jpg\" alt=\"\" class=\"wp-image-8006\" srcset=\"https:\/\/wgphoto.pl\/t\/wp-content\/uploads\/2024\/12\/IMGP8636.jpg 1050w, https:\/\/wgphoto.pl\/t\/wp-content\/uploads\/2024\/12\/IMGP8636-300x200.jpg 300w, https:\/\/wgphoto.pl\/t\/wp-content\/uploads\/2024\/12\/IMGP8636-768x512.jpg 768w\" sizes=\"auto, (max-width: 1050px) 100vw, 1050px\" \/><\/figure>\n\n\n\n<div class=\"wp-block-group has-global-padding is-layout-constrained wp-block-group-is-layout-constrained\">\n<p>Berlin, M\u00f6llendorffstra\u00dfe. Tramwajom w niemieckiej stolicy w znacznej cz\u0119\u015bci towarzysz\u0105 takie oto nudne krajobrazy. Do uj\u0119cia z blokami lepiej pasowa\u0142aby jaka\u015b Tatra, ale mam wra\u017cenie, \u017ce coraz trudniej spotka\u0107 czechos\u0142owackie wagony. Dopuszczam r\u00f3wnie\u017c mo\u017cliwo\u015b\u0107, \u017ce szuka\u0142em nie tam gdzie trzeba. \ud83d\ude09 W\u00f3z 1559 posiada ju\u017c nowe malowanie z \u017c\u00f3\u0142tym zderzakiem oraz wy\u015bwietlacze o silnie kontrastuj\u0105cej, bia\u0142ej barwie. Mo\u017cliwe \u017ce zaliczy\u0142 jakie\u015b wi\u0119ksze modyfikacje, bo zastanawiaj\u0105co wygl\u0105da numer taborowy, kt\u00f3ry powinien by\u0107 o 500 ni\u017cszy. Warto tu r\u00f3wnie\u017c zwr\u00f3ci\u0107 uwag\u0119 na tablice dynamicznej informacji pasa\u017cerskiej na przystankach. Ze wzgl\u0119du na d\u0142ugo\u015b\u0107 nazw p\u0119tli po prawej stronie zmie\u015bci\u0142o si\u0119 pi\u0119\u0107 rekord\u00f3w, a po lewej tylko trzy &#8211; ale za to nazwa kra\u0144ca prezentowana jest w dw\u00f3ch wierszach w ca\u0142o\u015bci, bez denerwuj\u0105cego przewijania tre\u015bci. 25.11.2014<\/p>\n<\/div>\n","protected":false},"excerpt":{"rendered":"<p>Berlin, M\u00f6llendorffstra\u00dfe. Tramwajom w niemieckiej stolicy w znacznej cz\u0119\u015bci towarzysz\u0105 takie oto nudne krajobrazy. Do uj\u0119cia z blokami lepiej pasowa\u0142aby jaka\u015b Tatra, ale mam wra\u017cenie, \u017ce coraz trudniej spotka\u0107 czechos\u0142owackie wagony. Dopuszczam r\u00f3wnie\u017c mo\u017cliwo\u015b\u0107, \u017ce szuka\u0142em nie tam gdzie trzeba. \ud83d\ude09 W\u00f3z 1559 posiada ju\u017c nowe malowanie z \u017c\u00f3\u0142tym zderzakiem oraz wy\u015bwietlacze o silnie kontrastuj\u0105cej, [&hellip;]<\/p>\n","protected":false},"author":1,"featured_media":8006,"comment_status":"open","ping_status":"","sticky":false,"template":"","format":"standard","meta":{"footnotes":""},"categories":[48,3],"tags":[1630,639,1628,1265,23,219],"class_list":["post-8005","post","type-post","status-publish","format-standard","has-post-thumbnail","hentry","category-rok-2014","category-tramwaj","tag-2014-11-25","tag-berlin","tag-bvg-berlin","tag-gtxn","tag-niemcy","tag-przystanek"],"_links":{"self":[{"href":"https:\/\/wgphoto.pl\/t\/index.php?rest_route=\/wp\/v2\/posts\/8005","targetHints":{"allow":["GET"]}}],"collection":[{"href":"https:\/\/wgphoto.pl\/t\/index.php?rest_route=\/wp\/v2\/posts"}],"about":[{"href":"https:\/\/wgphoto.pl\/t\/index.php?rest_route=\/wp\/v2\/types\/post"}],"author":[{"embeddable":true,"href":"https:\/\/wgphoto.pl\/t\/index.php?rest_route=\/wp\/v2\/users\/1"}],"replies":[{"embeddable":true,"href":"https:\/\/wgphoto.pl\/t\/index.php?rest_route=%2Fwp%2Fv2%2Fcomments&post=8005"}],"version-history":[{"count":1,"href":"https:\/\/wgphoto.pl\/t\/index.php?rest_route=\/wp\/v2\/posts\/8005\/revisions"}],"predecessor-version":[{"id":8007,"href":"https:\/\/wgphoto.pl\/t\/index.php?rest_route=\/wp\/v2\/posts\/8005\/revisions\/8007"}],"wp:featuredmedia":[{"embeddable":true,"href":"https:\/\/wgphoto.pl\/t\/index.php?rest_route=\/wp\/v2\/media\/8006"}],"wp:attachment":[{"href":"https:\/\/wgphoto.pl\/t\/index.php?rest_route=%2Fwp%2Fv2%2Fmedia&parent=8005"}],"wp:term":[{"taxonomy":"category","embeddable":true,"href":"https:\/\/wgphoto.pl\/t\/index.php?rest_route=%2Fwp%2Fv2%2Fcategories&post=8005"},{"taxonomy":"post_tag","embeddable":true,"href":"https:\/\/wgphoto.pl\/t\/index.php?rest_route=%2Fwp%2Fv2%2Ftags&post=8005"}],"curies":[{"name":"wp","href":"https:\/\/api.w.org\/{rel}","templated":true}]}}