{"id":8008,"date":"2024-12-15T16:35:46","date_gmt":"2024-12-15T15:35:46","guid":{"rendered":"https:\/\/wgphoto.pl\/t\/?p=8008"},"modified":"2024-12-15T16:35:46","modified_gmt":"2024-12-15T15:35:46","slug":"bombardier-flexity-berlin-zrk-nr-4003","status":"publish","type":"post","link":"https:\/\/wgphoto.pl\/t\/?p=8008","title":{"rendered":"Bombardier Flexity Berlin ZRK nr 4003"},"content":{"rendered":"\n<figure class=\"wp-block-image aligncenter size-full\"><img loading=\"lazy\" decoding=\"async\" width=\"1050\" height=\"700\" src=\"https:\/\/wgphoto.pl\/t\/wp-content\/uploads\/2024\/12\/IMGP8673.jpg\" alt=\"\" class=\"wp-image-8009\" srcset=\"https:\/\/wgphoto.pl\/t\/wp-content\/uploads\/2024\/12\/IMGP8673.jpg 1050w, https:\/\/wgphoto.pl\/t\/wp-content\/uploads\/2024\/12\/IMGP8673-300x200.jpg 300w, https:\/\/wgphoto.pl\/t\/wp-content\/uploads\/2024\/12\/IMGP8673-768x512.jpg 768w\" sizes=\"auto, (max-width: 1050px) 100vw, 1050px\" \/><\/figure>\n\n\n\n<div class=\"wp-block-group has-global-padding is-layout-constrained wp-block-group-is-layout-constrained\">\n<p>Berlin, Tino-Schwierzina-Stra\u00dfe. Peryferyjne fragmenty berli\u0144skiej sieci tramwajowej bywaj\u0105 klimatyczne. Mo\u017cna tam spotka\u0107 jednotorowe odcinki, brukowane jezdnie i ma\u0142omiasteczkow\u0105 zabudow\u0119. Jedynie jednakowa, 20-minutowa cz\u0119stotliwo\u015b\u0107 kurs\u00f3w, obowi\u0105zuj\u0105ca przez ca\u0142y tydzie\u0144, zniech\u0119ca do wysiadania z tramwaju i czatowania z aparatem (w przypadku metrolinii M2 do samej p\u0119tli Heinersdorf dociera co drugi kurs). 25.11.2014<\/p>\n<\/div>\n","protected":false},"excerpt":{"rendered":"<p>Berlin, Tino-Schwierzina-Stra\u00dfe. Peryferyjne fragmenty berli\u0144skiej sieci tramwajowej bywaj\u0105 klimatyczne. Mo\u017cna tam spotka\u0107 jednotorowe odcinki, brukowane jezdnie i ma\u0142omiasteczkow\u0105 zabudow\u0119. Jedynie jednakowa, 20-minutowa cz\u0119stotliwo\u015b\u0107 kurs\u00f3w, obowi\u0105zuj\u0105ca przez ca\u0142y tydzie\u0144, zniech\u0119ca do wysiadania z tramwaju i czatowania z aparatem (w przypadku metrolinii M2 do samej p\u0119tli Heinersdorf dociera co drugi kurs). 25.11.2014<\/p>\n","protected":false},"author":1,"featured_media":8009,"comment_status":"open","ping_status":"","sticky":false,"template":"","format":"standard","meta":{"footnotes":""},"categories":[48,3],"tags":[1630,639,1629,1628,23],"class_list":["post-8008","post","type-post","status-publish","format-standard","has-post-thumbnail","hentry","category-rok-2014","category-tramwaj","tag-2014-11-25","tag-berlin","tag-bombardier-flexity-berlin","tag-bvg-berlin","tag-niemcy"],"_links":{"self":[{"href":"https:\/\/wgphoto.pl\/t\/index.php?rest_route=\/wp\/v2\/posts\/8008","targetHints":{"allow":["GET"]}}],"collection":[{"href":"https:\/\/wgphoto.pl\/t\/index.php?rest_route=\/wp\/v2\/posts"}],"about":[{"href":"https:\/\/wgphoto.pl\/t\/index.php?rest_route=\/wp\/v2\/types\/post"}],"author":[{"embeddable":true,"href":"https:\/\/wgphoto.pl\/t\/index.php?rest_route=\/wp\/v2\/users\/1"}],"replies":[{"embeddable":true,"href":"https:\/\/wgphoto.pl\/t\/index.php?rest_route=%2Fwp%2Fv2%2Fcomments&post=8008"}],"version-history":[{"count":1,"href":"https:\/\/wgphoto.pl\/t\/index.php?rest_route=\/wp\/v2\/posts\/8008\/revisions"}],"predecessor-version":[{"id":8010,"href":"https:\/\/wgphoto.pl\/t\/index.php?rest_route=\/wp\/v2\/posts\/8008\/revisions\/8010"}],"wp:featuredmedia":[{"embeddable":true,"href":"https:\/\/wgphoto.pl\/t\/index.php?rest_route=\/wp\/v2\/media\/8009"}],"wp:attachment":[{"href":"https:\/\/wgphoto.pl\/t\/index.php?rest_route=%2Fwp%2Fv2%2Fmedia&parent=8008"}],"wp:term":[{"taxonomy":"category","embeddable":true,"href":"https:\/\/wgphoto.pl\/t\/index.php?rest_route=%2Fwp%2Fv2%2Fcategories&post=8008"},{"taxonomy":"post_tag","embeddable":true,"href":"https:\/\/wgphoto.pl\/t\/index.php?rest_route=%2Fwp%2Fv2%2Ftags&post=8008"}],"curies":[{"name":"wp","href":"https:\/\/api.w.org\/{rel}","templated":true}]}}