{"id":8011,"date":"2024-12-15T16:36:47","date_gmt":"2024-12-15T15:36:47","guid":{"rendered":"https:\/\/wgphoto.pl\/t\/?p=8011"},"modified":"2024-12-15T16:36:47","modified_gmt":"2024-12-15T15:36:47","slug":"co-ma-berlin-do-wiatraka","status":"publish","type":"post","link":"https:\/\/wgphoto.pl\/t\/?p=8011","title":{"rendered":"Co ma Berlin do wiatraka?"},"content":{"rendered":"\n<figure class=\"wp-block-image aligncenter size-full\"><img loading=\"lazy\" decoding=\"async\" width=\"1050\" height=\"700\" src=\"https:\/\/wgphoto.pl\/t\/wp-content\/uploads\/2024\/12\/IMGP8623-1.jpg\" alt=\"\" class=\"wp-image-8012\" srcset=\"https:\/\/wgphoto.pl\/t\/wp-content\/uploads\/2024\/12\/IMGP8623-1.jpg 1050w, https:\/\/wgphoto.pl\/t\/wp-content\/uploads\/2024\/12\/IMGP8623-1-300x200.jpg 300w, https:\/\/wgphoto.pl\/t\/wp-content\/uploads\/2024\/12\/IMGP8623-1-768x512.jpg 768w\" sizes=\"auto, (max-width: 1050px) 100vw, 1050px\" \/><\/figure>\n\n\n\n<div class=\"wp-block-group has-global-padding is-layout-constrained wp-block-group-is-layout-constrained\">\n<p>Berlin, skrzy\u017cowanie Landsberger Allee i Allee der Kosmonauten. Pierwsza generacja niskopod\u0142ogowych tramwaj\u00f3w w Berlinie, kt\u00f3rej przedstawiciel prezentowany jest powy\u017cej (akurat w wersji dwukierunkowej), jest generalnie sympatyczna i jak na sw\u00f3j wiek wyj\u0105tkowo zadbana (por\u00f3wnuj\u0105c j\u0105 np. do wiede\u0144skich ULF-\u00f3w), ale ze wzgl\u0119du na du\u017ce odleg\u0142o\u015bci mi\u0119dzy s\u0105siednimi drzwiami, wype\u0142nione siedzeniami, praktycznie bez miejsc stoj\u0105cych, te tramwaje s\u0105 wewn\u0105trz bardzo ciasne. Efekt ten pot\u0119guje mizerna, 20-minutowa cz\u0119stotliwo\u015b\u0107 kursowania linii &#8222;zwyk\u0142ych&#8221; (w odr\u00f3\u017cnieniu od linii tzw. metrotramu, kursuj\u0105cego w dni robocze co 10 minut), kt\u00f3rej efektem jest do\u015b\u0107 du\u017ce zat\u0142oczenie w pojazdach, bli\u017csze standardom polskim ni\u017c zachodnioeuropejskim. 25.11.2014<\/p>\n<\/div>\n","protected":false},"excerpt":{"rendered":"<p>Berlin, skrzy\u017cowanie Landsberger Allee i Allee der Kosmonauten. Pierwsza generacja niskopod\u0142ogowych tramwaj\u00f3w w Berlinie, kt\u00f3rej przedstawiciel prezentowany jest powy\u017cej (akurat w wersji dwukierunkowej), jest generalnie sympatyczna i jak na sw\u00f3j wiek wyj\u0105tkowo zadbana (por\u00f3wnuj\u0105c j\u0105 np. do wiede\u0144skich ULF-\u00f3w), ale ze wzgl\u0119du na du\u017ce odleg\u0142o\u015bci mi\u0119dzy s\u0105siednimi drzwiami, wype\u0142nione siedzeniami, praktycznie bez miejsc stoj\u0105cych, te [&hellip;]<\/p>\n","protected":false},"author":1,"featured_media":8012,"comment_status":"open","ping_status":"","sticky":false,"template":"","format":"standard","meta":{"footnotes":""},"categories":[48,3],"tags":[1630,34,639,1628,1265,23],"class_list":["post-8011","post","type-post","status-publish","format-standard","has-post-thumbnail","hentry","category-rok-2014","category-tramwaj","tag-2014-11-25","tag-architektura","tag-berlin","tag-bvg-berlin","tag-gtxn","tag-niemcy"],"_links":{"self":[{"href":"https:\/\/wgphoto.pl\/t\/index.php?rest_route=\/wp\/v2\/posts\/8011","targetHints":{"allow":["GET"]}}],"collection":[{"href":"https:\/\/wgphoto.pl\/t\/index.php?rest_route=\/wp\/v2\/posts"}],"about":[{"href":"https:\/\/wgphoto.pl\/t\/index.php?rest_route=\/wp\/v2\/types\/post"}],"author":[{"embeddable":true,"href":"https:\/\/wgphoto.pl\/t\/index.php?rest_route=\/wp\/v2\/users\/1"}],"replies":[{"embeddable":true,"href":"https:\/\/wgphoto.pl\/t\/index.php?rest_route=%2Fwp%2Fv2%2Fcomments&post=8011"}],"version-history":[{"count":1,"href":"https:\/\/wgphoto.pl\/t\/index.php?rest_route=\/wp\/v2\/posts\/8011\/revisions"}],"predecessor-version":[{"id":8013,"href":"https:\/\/wgphoto.pl\/t\/index.php?rest_route=\/wp\/v2\/posts\/8011\/revisions\/8013"}],"wp:featuredmedia":[{"embeddable":true,"href":"https:\/\/wgphoto.pl\/t\/index.php?rest_route=\/wp\/v2\/media\/8012"}],"wp:attachment":[{"href":"https:\/\/wgphoto.pl\/t\/index.php?rest_route=%2Fwp%2Fv2%2Fmedia&parent=8011"}],"wp:term":[{"taxonomy":"category","embeddable":true,"href":"https:\/\/wgphoto.pl\/t\/index.php?rest_route=%2Fwp%2Fv2%2Fcategories&post=8011"},{"taxonomy":"post_tag","embeddable":true,"href":"https:\/\/wgphoto.pl\/t\/index.php?rest_route=%2Fwp%2Fv2%2Ftags&post=8011"}],"curies":[{"name":"wp","href":"https:\/\/api.w.org\/{rel}","templated":true}]}}