{"id":8017,"date":"2024-12-15T16:41:25","date_gmt":"2024-12-15T15:41:25","guid":{"rendered":"https:\/\/wgphoto.pl\/t\/?p=8017"},"modified":"2024-12-15T16:41:25","modified_gmt":"2024-12-15T15:41:25","slug":"kamienica-z-neonami","status":"publish","type":"post","link":"https:\/\/wgphoto.pl\/t\/?p=8017","title":{"rendered":"Kamienica z neonami"},"content":{"rendered":"\n<figure class=\"wp-block-image aligncenter size-full\"><img loading=\"lazy\" decoding=\"async\" width=\"1300\" height=\"929\" src=\"https:\/\/wgphoto.pl\/t\/wp-content\/uploads\/2024\/12\/IMGP7707-3.jpg\" alt=\"\" class=\"wp-image-8021\" srcset=\"https:\/\/wgphoto.pl\/t\/wp-content\/uploads\/2024\/12\/IMGP7707-3.jpg 1300w, https:\/\/wgphoto.pl\/t\/wp-content\/uploads\/2024\/12\/IMGP7707-3-300x214.jpg 300w, https:\/\/wgphoto.pl\/t\/wp-content\/uploads\/2024\/12\/IMGP7707-3-768x549.jpg 768w\" sizes=\"auto, (max-width: 1300px) 100vw, 1300px\" \/><\/figure>\n\n\n\n<div class=\"wp-block-group has-global-padding is-layout-constrained wp-block-group-is-layout-constrained\">\n<p>Cal\u00e7ada do Lavra &#8211; stacja dolna. Podchodzi\u0142em do tego motywu kilka razy. Za trzecim r\u00f3wnie\u017c sta\u0142y wzd\u0142u\u017c kraw\u0119\u017cnika zaparkowane auta, ale postanowi\u0142em poczeka\u0107 do skutku, co zaowocowa\u0142o takim oto zdj\u0119ciem. 2010-09-08<\/p>\n<\/div>\n","protected":false},"excerpt":{"rendered":"<p>Cal\u00e7ada do Lavra &#8211; stacja dolna. Podchodzi\u0142em do tego motywu kilka razy. Za trzecim r\u00f3wnie\u017c sta\u0142y wzd\u0142u\u017c kraw\u0119\u017cnika zaparkowane auta, ale postanowi\u0142em poczeka\u0107 do skutku, co zaowocowa\u0142o takim oto zdj\u0119ciem. 2010-09-08<\/p>\n","protected":false},"author":1,"featured_media":8021,"comment_status":"open","ping_status":"","sticky":false,"template":"","format":"standard","meta":{"footnotes":""},"categories":[86,3],"tags":[1431,34,91,299,2669,1046,298,297,90],"class_list":["post-8017","post","type-post","status-publish","format-standard","has-post-thumbnail","hentry","category-rok-2010","category-tramwaj","tag-2010-09-08","tag-architektura","tag-blue-hour","tag-carris-lisboa","tag-elevador-da-lavra","tag-funikular","tag-lizbona","tag-portugalia","tag-wieczorem"],"_links":{"self":[{"href":"https:\/\/wgphoto.pl\/t\/index.php?rest_route=\/wp\/v2\/posts\/8017","targetHints":{"allow":["GET"]}}],"collection":[{"href":"https:\/\/wgphoto.pl\/t\/index.php?rest_route=\/wp\/v2\/posts"}],"about":[{"href":"https:\/\/wgphoto.pl\/t\/index.php?rest_route=\/wp\/v2\/types\/post"}],"author":[{"embeddable":true,"href":"https:\/\/wgphoto.pl\/t\/index.php?rest_route=\/wp\/v2\/users\/1"}],"replies":[{"embeddable":true,"href":"https:\/\/wgphoto.pl\/t\/index.php?rest_route=%2Fwp%2Fv2%2Fcomments&post=8017"}],"version-history":[{"count":1,"href":"https:\/\/wgphoto.pl\/t\/index.php?rest_route=\/wp\/v2\/posts\/8017\/revisions"}],"predecessor-version":[{"id":8022,"href":"https:\/\/wgphoto.pl\/t\/index.php?rest_route=\/wp\/v2\/posts\/8017\/revisions\/8022"}],"wp:featuredmedia":[{"embeddable":true,"href":"https:\/\/wgphoto.pl\/t\/index.php?rest_route=\/wp\/v2\/media\/8021"}],"wp:attachment":[{"href":"https:\/\/wgphoto.pl\/t\/index.php?rest_route=%2Fwp%2Fv2%2Fmedia&parent=8017"}],"wp:term":[{"taxonomy":"category","embeddable":true,"href":"https:\/\/wgphoto.pl\/t\/index.php?rest_route=%2Fwp%2Fv2%2Fcategories&post=8017"},{"taxonomy":"post_tag","embeddable":true,"href":"https:\/\/wgphoto.pl\/t\/index.php?rest_route=%2Fwp%2Fv2%2Ftags&post=8017"}],"curies":[{"name":"wp","href":"https:\/\/api.w.org\/{rel}","templated":true}]}}