{"id":802,"date":"2024-09-30T21:08:41","date_gmt":"2024-09-30T19:08:41","guid":{"rendered":"https:\/\/wgphoto.pl\/t\/?p=802"},"modified":"2024-09-30T21:08:41","modified_gmt":"2024-09-30T19:08:41","slug":"zdjecie-semafora-z-pociagiem-w-tle","status":"publish","type":"post","link":"https:\/\/wgphoto.pl\/t\/?p=802","title":{"rendered":"Zdj\u0119cie semafora z poci\u0105giem w tle"},"content":{"rendered":"\n<figure class=\"wp-block-image aligncenter size-full\"><img loading=\"lazy\" decoding=\"async\" width=\"1200\" height=\"796\" src=\"https:\/\/wgphoto.pl\/t\/wp-content\/uploads\/2024\/09\/0416-06.jpg\" alt=\"\" class=\"wp-image-803\" srcset=\"https:\/\/wgphoto.pl\/t\/wp-content\/uploads\/2024\/09\/0416-06.jpg 1200w, https:\/\/wgphoto.pl\/t\/wp-content\/uploads\/2024\/09\/0416-06-300x199.jpg 300w, https:\/\/wgphoto.pl\/t\/wp-content\/uploads\/2024\/09\/0416-06-768x509.jpg 768w\" sizes=\"auto, (max-width: 1200px) 100vw, 1200px\" \/><\/figure>\n\n\n\n<div class=\"wp-block-group has-global-padding is-layout-constrained wp-block-group-is-layout-constrained\">\n<p>SU46-047 z osobowym 515 relacji Wroc\u0142aw G\u0142\u00f3wny &#8211; Zgorzelec wyje\u017cd\u017ca z Pie\u0144ska. 27.07.2004<\/p>\n<\/div>\n","protected":false},"excerpt":{"rendered":"<p>SU46-047 z osobowym 515 relacji Wroc\u0142aw G\u0142\u00f3wny &#8211; Zgorzelec wyje\u017cd\u017ca z Pie\u0144ska. 27.07.2004<\/p>\n","protected":false},"author":1,"featured_media":803,"comment_status":"open","ping_status":"","sticky":false,"template":"","format":"standard","meta":{"footnotes":""},"categories":[62,2,61],"tags":[353,288,352,63,27,84,53,233],"class_list":["post-802","post","type-post","status-publish","format-standard","has-post-thumbnail","hentry","category-analog","category-kolej","category-rok-2004","tag-2004-07-27","tag-bipa","tag-piensk","tag-pkp","tag-polska","tag-su46","tag-sygnalizacja-ksztaltowa","tag-tab-pl260"],"_links":{"self":[{"href":"https:\/\/wgphoto.pl\/t\/index.php?rest_route=\/wp\/v2\/posts\/802","targetHints":{"allow":["GET"]}}],"collection":[{"href":"https:\/\/wgphoto.pl\/t\/index.php?rest_route=\/wp\/v2\/posts"}],"about":[{"href":"https:\/\/wgphoto.pl\/t\/index.php?rest_route=\/wp\/v2\/types\/post"}],"author":[{"embeddable":true,"href":"https:\/\/wgphoto.pl\/t\/index.php?rest_route=\/wp\/v2\/users\/1"}],"replies":[{"embeddable":true,"href":"https:\/\/wgphoto.pl\/t\/index.php?rest_route=%2Fwp%2Fv2%2Fcomments&post=802"}],"version-history":[{"count":1,"href":"https:\/\/wgphoto.pl\/t\/index.php?rest_route=\/wp\/v2\/posts\/802\/revisions"}],"predecessor-version":[{"id":804,"href":"https:\/\/wgphoto.pl\/t\/index.php?rest_route=\/wp\/v2\/posts\/802\/revisions\/804"}],"wp:featuredmedia":[{"embeddable":true,"href":"https:\/\/wgphoto.pl\/t\/index.php?rest_route=\/wp\/v2\/media\/803"}],"wp:attachment":[{"href":"https:\/\/wgphoto.pl\/t\/index.php?rest_route=%2Fwp%2Fv2%2Fmedia&parent=802"}],"wp:term":[{"taxonomy":"category","embeddable":true,"href":"https:\/\/wgphoto.pl\/t\/index.php?rest_route=%2Fwp%2Fv2%2Fcategories&post=802"},{"taxonomy":"post_tag","embeddable":true,"href":"https:\/\/wgphoto.pl\/t\/index.php?rest_route=%2Fwp%2Fv2%2Ftags&post=802"}],"curies":[{"name":"wp","href":"https:\/\/api.w.org\/{rel}","templated":true}]}}