{"id":805,"date":"2024-09-30T21:10:18","date_gmt":"2024-09-30T19:10:18","guid":{"rendered":"https:\/\/wgphoto.pl\/t\/?p=805"},"modified":"2024-09-30T21:10:18","modified_gmt":"2024-09-30T19:10:18","slug":"kd-w-raszowce","status":"publish","type":"post","link":"https:\/\/wgphoto.pl\/t\/?p=805","title":{"rendered":"KD w Rasz\u00f3wce"},"content":{"rendered":"\n<figure class=\"wp-block-image aligncenter size-full\"><img loading=\"lazy\" decoding=\"async\" width=\"1200\" height=\"795\" src=\"https:\/\/wgphoto.pl\/t\/wp-content\/uploads\/2024\/09\/IMGP0411.jpg\" alt=\"\" class=\"wp-image-806\" srcset=\"https:\/\/wgphoto.pl\/t\/wp-content\/uploads\/2024\/09\/IMGP0411.jpg 1200w, https:\/\/wgphoto.pl\/t\/wp-content\/uploads\/2024\/09\/IMGP0411-300x199.jpg 300w, https:\/\/wgphoto.pl\/t\/wp-content\/uploads\/2024\/09\/IMGP0411-768x509.jpg 768w\" sizes=\"auto, (max-width: 1200px) 100vw, 1200px\" \/><\/figure>\n\n\n\n<div class=\"wp-block-group has-global-padding is-layout-constrained wp-block-group-is-layout-constrained\">\n<p>Poci\u0105g specjalny z okazji Dnia Dziecka podczas kilkunastominutowego postoju. &#8222;Lokowanie podr\u00f3\u017cnych&#8221; oznacza\u0142o w tym przypadku wej\u015bcie do Impulsa kilkudziesi\u0119cioro dzieci w wieku przedszkolnym, kt\u00f3re pojecha\u0142y poci\u0105giem st\u0105d do Lubina i z powrotem, zapewne pierwszy raz w swoim \u017cyciu. 01.06.2015<\/p>\n<\/div>\n","protected":false},"excerpt":{"rendered":"<p>Poci\u0105g specjalny z okazji Dnia Dziecka podczas kilkunastominutowego postoju. &#8222;Lokowanie podr\u00f3\u017cnych&#8221; oznacza\u0142o w tym przypadku wej\u015bcie do Impulsa kilkudziesi\u0119cioro dzieci w wieku przedszkolnym, kt\u00f3re pojecha\u0142y poci\u0105giem st\u0105d do Lubina i z powrotem, zapewne pierwszy raz w swoim \u017cyciu. 01.06.2015<\/p>\n","protected":false},"author":1,"featured_media":806,"comment_status":"open","ping_status":"","sticky":false,"template":"","format":"standard","meta":{"footnotes":""},"categories":[2,104],"tags":[405,401,402,404,27,400,403],"class_list":["post-805","post","type-post","status-publish","format-standard","has-post-thumbnail","hentry","category-kolej","category-rok-2015","tag-2015-06-01","tag-36we","tag-kd","tag-newag-impuls","tag-polska","tag-raszowka","tag-tab-pl267"],"_links":{"self":[{"href":"https:\/\/wgphoto.pl\/t\/index.php?rest_route=\/wp\/v2\/posts\/805","targetHints":{"allow":["GET"]}}],"collection":[{"href":"https:\/\/wgphoto.pl\/t\/index.php?rest_route=\/wp\/v2\/posts"}],"about":[{"href":"https:\/\/wgphoto.pl\/t\/index.php?rest_route=\/wp\/v2\/types\/post"}],"author":[{"embeddable":true,"href":"https:\/\/wgphoto.pl\/t\/index.php?rest_route=\/wp\/v2\/users\/1"}],"replies":[{"embeddable":true,"href":"https:\/\/wgphoto.pl\/t\/index.php?rest_route=%2Fwp%2Fv2%2Fcomments&post=805"}],"version-history":[{"count":1,"href":"https:\/\/wgphoto.pl\/t\/index.php?rest_route=\/wp\/v2\/posts\/805\/revisions"}],"predecessor-version":[{"id":807,"href":"https:\/\/wgphoto.pl\/t\/index.php?rest_route=\/wp\/v2\/posts\/805\/revisions\/807"}],"wp:featuredmedia":[{"embeddable":true,"href":"https:\/\/wgphoto.pl\/t\/index.php?rest_route=\/wp\/v2\/media\/806"}],"wp:attachment":[{"href":"https:\/\/wgphoto.pl\/t\/index.php?rest_route=%2Fwp%2Fv2%2Fmedia&parent=805"}],"wp:term":[{"taxonomy":"category","embeddable":true,"href":"https:\/\/wgphoto.pl\/t\/index.php?rest_route=%2Fwp%2Fv2%2Fcategories&post=805"},{"taxonomy":"post_tag","embeddable":true,"href":"https:\/\/wgphoto.pl\/t\/index.php?rest_route=%2Fwp%2Fv2%2Ftags&post=805"}],"curies":[{"name":"wp","href":"https:\/\/api.w.org\/{rel}","templated":true}]}}