{"id":8059,"date":"2024-12-15T20:43:45","date_gmt":"2024-12-15T19:43:45","guid":{"rendered":"https:\/\/wgphoto.pl\/t\/?p=8059"},"modified":"2024-12-15T20:43:45","modified_gmt":"2024-12-15T19:43:45","slug":"luzaczek-zza-krzaka","status":"publish","type":"post","link":"https:\/\/wgphoto.pl\/t\/?p=8059","title":{"rendered":"Luzaczek zza krzaka"},"content":{"rendered":"\n<figure class=\"wp-block-image aligncenter size-full\"><img loading=\"lazy\" decoding=\"async\" width=\"1300\" height=\"813\" src=\"https:\/\/wgphoto.pl\/t\/wp-content\/uploads\/2024\/12\/0530-28.jpg\" alt=\"\" class=\"wp-image-8060\" srcset=\"https:\/\/wgphoto.pl\/t\/wp-content\/uploads\/2024\/12\/0530-28.jpg 1300w, https:\/\/wgphoto.pl\/t\/wp-content\/uploads\/2024\/12\/0530-28-300x188.jpg 300w, https:\/\/wgphoto.pl\/t\/wp-content\/uploads\/2024\/12\/0530-28-768x480.jpg 768w\" sizes=\"auto, (max-width: 1300px) 100vw, 1300px\" \/><\/figure>\n\n\n\n<div class=\"wp-block-group has-global-padding is-layout-constrained wp-block-group-is-layout-constrained\">\n<p>SU46-026 jedzie luzem z Jeleniej G\u00f3ry do Niwnic, aktualnie znajduje si\u0119 na odcinku Pilchowice-Nielestno &#8211; Wle\u0144. 21.10.2005<\/p>\n<\/div>\n","protected":false},"excerpt":{"rendered":"<p>SU46-026 jedzie luzem z Jeleniej G\u00f3ry do Niwnic, aktualnie znajduje si\u0119 na odcinku Pilchowice-Nielestno &#8211; Wle\u0144. 21.10.2005<\/p>\n","protected":false},"author":1,"featured_media":8060,"comment_status":"open","ping_status":"","sticky":false,"template":"","format":"standard","meta":{"footnotes":""},"categories":[62,2,311],"tags":[2015,126,173,2341,63,27,84,363,1393],"class_list":["post-8059","post","type-post","status-publish","format-standard","has-post-thumbnail","hentry","category-analog","category-kolej","category-rok-2005","tag-2005-10-21","tag-jesien","tag-koncowki","tag-pilchowice-nielestno-2","tag-pkp","tag-polska","tag-su46","tag-tab-pl250","tag-wlen"],"_links":{"self":[{"href":"https:\/\/wgphoto.pl\/t\/index.php?rest_route=\/wp\/v2\/posts\/8059","targetHints":{"allow":["GET"]}}],"collection":[{"href":"https:\/\/wgphoto.pl\/t\/index.php?rest_route=\/wp\/v2\/posts"}],"about":[{"href":"https:\/\/wgphoto.pl\/t\/index.php?rest_route=\/wp\/v2\/types\/post"}],"author":[{"embeddable":true,"href":"https:\/\/wgphoto.pl\/t\/index.php?rest_route=\/wp\/v2\/users\/1"}],"replies":[{"embeddable":true,"href":"https:\/\/wgphoto.pl\/t\/index.php?rest_route=%2Fwp%2Fv2%2Fcomments&post=8059"}],"version-history":[{"count":1,"href":"https:\/\/wgphoto.pl\/t\/index.php?rest_route=\/wp\/v2\/posts\/8059\/revisions"}],"predecessor-version":[{"id":8061,"href":"https:\/\/wgphoto.pl\/t\/index.php?rest_route=\/wp\/v2\/posts\/8059\/revisions\/8061"}],"wp:featuredmedia":[{"embeddable":true,"href":"https:\/\/wgphoto.pl\/t\/index.php?rest_route=\/wp\/v2\/media\/8060"}],"wp:attachment":[{"href":"https:\/\/wgphoto.pl\/t\/index.php?rest_route=%2Fwp%2Fv2%2Fmedia&parent=8059"}],"wp:term":[{"taxonomy":"category","embeddable":true,"href":"https:\/\/wgphoto.pl\/t\/index.php?rest_route=%2Fwp%2Fv2%2Fcategories&post=8059"},{"taxonomy":"post_tag","embeddable":true,"href":"https:\/\/wgphoto.pl\/t\/index.php?rest_route=%2Fwp%2Fv2%2Ftags&post=8059"}],"curies":[{"name":"wp","href":"https:\/\/api.w.org\/{rel}","templated":true}]}}