{"id":8074,"date":"2024-12-15T20:48:17","date_gmt":"2024-12-15T19:48:17","guid":{"rendered":"https:\/\/wgphoto.pl\/t\/?p=8074"},"modified":"2025-12-21T20:29:26","modified_gmt":"2025-12-21T19:29:26","slug":"zolty-jesienny-lisc-moderusowi-niestraszny","status":"publish","type":"post","link":"https:\/\/wgphoto.pl\/t\/?p=8074","title":{"rendered":"\u017b\u00f3\u0142ty jesienny li\u015b\u0107 Moderusowi niestraszny"},"content":{"rendered":"\n<figure class=\"wp-block-image aligncenter size-full\"><img loading=\"lazy\" decoding=\"async\" width=\"1300\" height=\"861\" src=\"https:\/\/wgphoto.pl\/t\/wp-content\/uploads\/2024\/12\/IMGP5239.jpg\" alt=\"\" class=\"wp-image-8075\" srcset=\"https:\/\/wgphoto.pl\/t\/wp-content\/uploads\/2024\/12\/IMGP5239.jpg 1300w, https:\/\/wgphoto.pl\/t\/wp-content\/uploads\/2024\/12\/IMGP5239-300x199.jpg 300w, https:\/\/wgphoto.pl\/t\/wp-content\/uploads\/2024\/12\/IMGP5239-768x509.jpg 768w\" sizes=\"auto, (max-width: 1300px) 100vw, 1300px\" \/><\/figure>\n\n\n\n<div class=\"wp-block-group has-global-padding is-layout-constrained wp-block-group-is-layout-constrained\">\n<p>Wagon MF19AC nr 2811 na p\u0119tli <em>Grabiszy\u0144ska (cmentarz)<\/em> we Wroc\u0142awiu. 16.10.2021<\/p>\n<\/div>\n","protected":false},"excerpt":{"rendered":"<p>Wagon MF19AC nr 2811 na p\u0119tli Grabiszy\u0144ska (cmentarz) we Wroc\u0142awiu. 16.10.2021<\/p>\n","protected":false},"author":1,"featured_media":8075,"comment_status":"open","ping_status":"","sticky":false,"template":"","format":"standard","meta":{"footnotes":""},"categories":[681,3],"tags":[2678,126,4603,501,42,27,439,41],"class_list":["post-8074","post","type-post","status-publish","format-standard","has-post-thumbnail","hentry","category-rok-2021","category-tramwaj","tag-2021-10-16","tag-jesien","tag-mf19ac","tag-moderus-beta","tag-mpk-wroclaw","tag-polska","tag-we-fabryce","tag-wroclaw"],"_links":{"self":[{"href":"https:\/\/wgphoto.pl\/t\/index.php?rest_route=\/wp\/v2\/posts\/8074","targetHints":{"allow":["GET"]}}],"collection":[{"href":"https:\/\/wgphoto.pl\/t\/index.php?rest_route=\/wp\/v2\/posts"}],"about":[{"href":"https:\/\/wgphoto.pl\/t\/index.php?rest_route=\/wp\/v2\/types\/post"}],"author":[{"embeddable":true,"href":"https:\/\/wgphoto.pl\/t\/index.php?rest_route=\/wp\/v2\/users\/1"}],"replies":[{"embeddable":true,"href":"https:\/\/wgphoto.pl\/t\/index.php?rest_route=%2Fwp%2Fv2%2Fcomments&post=8074"}],"version-history":[{"count":1,"href":"https:\/\/wgphoto.pl\/t\/index.php?rest_route=\/wp\/v2\/posts\/8074\/revisions"}],"predecessor-version":[{"id":8076,"href":"https:\/\/wgphoto.pl\/t\/index.php?rest_route=\/wp\/v2\/posts\/8074\/revisions\/8076"}],"wp:featuredmedia":[{"embeddable":true,"href":"https:\/\/wgphoto.pl\/t\/index.php?rest_route=\/wp\/v2\/media\/8075"}],"wp:attachment":[{"href":"https:\/\/wgphoto.pl\/t\/index.php?rest_route=%2Fwp%2Fv2%2Fmedia&parent=8074"}],"wp:term":[{"taxonomy":"category","embeddable":true,"href":"https:\/\/wgphoto.pl\/t\/index.php?rest_route=%2Fwp%2Fv2%2Fcategories&post=8074"},{"taxonomy":"post_tag","embeddable":true,"href":"https:\/\/wgphoto.pl\/t\/index.php?rest_route=%2Fwp%2Fv2%2Ftags&post=8074"}],"curies":[{"name":"wp","href":"https:\/\/api.w.org\/{rel}","templated":true}]}}