{"id":8077,"date":"2024-12-15T20:49:38","date_gmt":"2024-12-15T19:49:38","guid":{"rendered":"https:\/\/wgphoto.pl\/t\/?p=8077"},"modified":"2024-12-15T20:49:38","modified_gmt":"2024-12-15T19:49:38","slug":"bardzo-slaskie","status":"publish","type":"post","link":"https:\/\/wgphoto.pl\/t\/?p=8077","title":{"rendered":"Bardzo \u015bl\u0105skie"},"content":{"rendered":"\n<figure class=\"wp-block-image aligncenter size-full\"><img loading=\"lazy\" decoding=\"async\" width=\"1300\" height=\"861\" src=\"https:\/\/wgphoto.pl\/t\/wp-content\/uploads\/2024\/12\/IMGP5249s.jpg\" alt=\"\" class=\"wp-image-8080\" srcset=\"https:\/\/wgphoto.pl\/t\/wp-content\/uploads\/2024\/12\/IMGP5249s.jpg 1300w, https:\/\/wgphoto.pl\/t\/wp-content\/uploads\/2024\/12\/IMGP5249s-300x199.jpg 300w, https:\/\/wgphoto.pl\/t\/wp-content\/uploads\/2024\/12\/IMGP5249s-768x509.jpg 768w\" sizes=\"auto, (max-width: 1300px) 100vw, 1300px\" \/><\/figure>\n\n\n\n<div class=\"wp-block-group has-global-padding is-layout-constrained wp-block-group-is-layout-constrained\">\n<p>EP07-1040 startuje z Barda z wagonami bezpo\u015brednimi 60151 &#8222;\u015anie\u017cka&#8221; relacji Warszawa Wschodnia &#8211; K\u0142odzko G\u0142\u00f3wne (i dalej ZKA do Kudowy). 17.10.2021<\/p>\n<\/div>\n","protected":false},"excerpt":{"rendered":"<p>EP07-1040 startuje z Barda z wagonami bezpo\u015brednimi 60151 &#8222;\u015anie\u017cka&#8221; relacji Warszawa Wschodnia &#8211; K\u0142odzko G\u0142\u00f3wne (i dalej ZKA do Kudowy). 17.10.2021<\/p>\n","protected":false},"author":1,"featured_media":8080,"comment_status":"open","ping_status":"","sticky":false,"template":"","format":"standard","meta":{"footnotes":""},"categories":[2,681],"tags":[2679,1227,124,63,27,383],"class_list":["post-8077","post","type-post","status-publish","format-standard","has-post-thumbnail","hentry","category-kolej","category-rok-2021","tag-2021-10-17","tag-bardo-slaskie","tag-ep07","tag-pkp","tag-polska","tag-tab-pl230"],"_links":{"self":[{"href":"https:\/\/wgphoto.pl\/t\/index.php?rest_route=\/wp\/v2\/posts\/8077","targetHints":{"allow":["GET"]}}],"collection":[{"href":"https:\/\/wgphoto.pl\/t\/index.php?rest_route=\/wp\/v2\/posts"}],"about":[{"href":"https:\/\/wgphoto.pl\/t\/index.php?rest_route=\/wp\/v2\/types\/post"}],"author":[{"embeddable":true,"href":"https:\/\/wgphoto.pl\/t\/index.php?rest_route=\/wp\/v2\/users\/1"}],"replies":[{"embeddable":true,"href":"https:\/\/wgphoto.pl\/t\/index.php?rest_route=%2Fwp%2Fv2%2Fcomments&post=8077"}],"version-history":[{"count":1,"href":"https:\/\/wgphoto.pl\/t\/index.php?rest_route=\/wp\/v2\/posts\/8077\/revisions"}],"predecessor-version":[{"id":8081,"href":"https:\/\/wgphoto.pl\/t\/index.php?rest_route=\/wp\/v2\/posts\/8077\/revisions\/8081"}],"wp:featuredmedia":[{"embeddable":true,"href":"https:\/\/wgphoto.pl\/t\/index.php?rest_route=\/wp\/v2\/media\/8080"}],"wp:attachment":[{"href":"https:\/\/wgphoto.pl\/t\/index.php?rest_route=%2Fwp%2Fv2%2Fmedia&parent=8077"}],"wp:term":[{"taxonomy":"category","embeddable":true,"href":"https:\/\/wgphoto.pl\/t\/index.php?rest_route=%2Fwp%2Fv2%2Fcategories&post=8077"},{"taxonomy":"post_tag","embeddable":true,"href":"https:\/\/wgphoto.pl\/t\/index.php?rest_route=%2Fwp%2Fv2%2Ftags&post=8077"}],"curies":[{"name":"wp","href":"https:\/\/api.w.org\/{rel}","templated":true}]}}