{"id":808,"date":"2024-09-30T21:11:45","date_gmt":"2024-09-30T19:11:45","guid":{"rendered":"https:\/\/wgphoto.pl\/t\/?p=808"},"modified":"2026-02-22T23:16:12","modified_gmt":"2026-02-22T22:16:12","slug":"zollamtsbrucke","status":"publish","type":"post","link":"https:\/\/wgphoto.pl\/t\/?p=808","title":{"rendered":"Zollamtsbr\u00fccke"},"content":{"rendered":"\n<figure class=\"wp-block-image aligncenter size-full\"><img loading=\"lazy\" decoding=\"async\" width=\"1200\" height=\"803\" src=\"https:\/\/wgphoto.pl\/t\/wp-content\/uploads\/2024\/09\/IMGP1034.jpg\" alt=\"\" class=\"wp-image-809\" srcset=\"https:\/\/wgphoto.pl\/t\/wp-content\/uploads\/2024\/09\/IMGP1034.jpg 1200w, https:\/\/wgphoto.pl\/t\/wp-content\/uploads\/2024\/09\/IMGP1034-300x201.jpg 300w, https:\/\/wgphoto.pl\/t\/wp-content\/uploads\/2024\/09\/IMGP1034-768x514.jpg 768w\" sizes=\"auto, (max-width: 1200px) 100vw, 1200px\" \/><\/figure>\n\n\n\n<div class=\"wp-block-group has-global-padding is-layout-constrained wp-block-group-is-layout-constrained\">\n<p>Jednen z ciekawszych punkt\u00f3w na komunikacyjnej mapie Wiednia, gdzie metro linii U4 na odcinku Schwedenplatz &#8211; Landstra\u00dfe na chwil\u0119 wyje\u017cd\u017ca z p\u0142ytkiego tunelu, aby za chwil\u0119 zn\u00f3w znikn\u0105\u0107 &#8222;w piwnicy&#8221; kolejnego budynku. 13.12.2009<\/p>\n<\/div>\n","protected":false},"excerpt":{"rendered":"<p>Jednen z ciekawszych punkt\u00f3w na komunikacyjnej mapie Wiednia, gdzie metro linii U4 na odcinku Schwedenplatz &#8211; Landstra\u00dfe na chwil\u0119 wyje\u017cd\u017ca z p\u0142ytkiego tunelu, aby za chwil\u0119 zn\u00f3w znikn\u0105\u0107 &#8222;w piwnicy&#8221; kolejnego budynku. 13.12.2009<\/p>\n","protected":false},"author":1,"featured_media":809,"comment_status":"open","ping_status":"","sticky":false,"template":"","format":"standard","meta":{"footnotes":""},"categories":[4,169],"tags":[272,9,173,45,73,15,4680,99,97,98],"class_list":["post-808","post","type-post","status-publish","format-standard","has-post-thumbnail","hentry","category-metro","category-rok-2009","tag-2009-12-13","tag-austria","tag-koncowki","tag-most","tag-rzeka","tag-tunel","tag-u","tag-u-bahn-wien","tag-wieden","tag-wiener-linien"],"_links":{"self":[{"href":"https:\/\/wgphoto.pl\/t\/index.php?rest_route=\/wp\/v2\/posts\/808","targetHints":{"allow":["GET"]}}],"collection":[{"href":"https:\/\/wgphoto.pl\/t\/index.php?rest_route=\/wp\/v2\/posts"}],"about":[{"href":"https:\/\/wgphoto.pl\/t\/index.php?rest_route=\/wp\/v2\/types\/post"}],"author":[{"embeddable":true,"href":"https:\/\/wgphoto.pl\/t\/index.php?rest_route=\/wp\/v2\/users\/1"}],"replies":[{"embeddable":true,"href":"https:\/\/wgphoto.pl\/t\/index.php?rest_route=%2Fwp%2Fv2%2Fcomments&post=808"}],"version-history":[{"count":1,"href":"https:\/\/wgphoto.pl\/t\/index.php?rest_route=\/wp\/v2\/posts\/808\/revisions"}],"predecessor-version":[{"id":810,"href":"https:\/\/wgphoto.pl\/t\/index.php?rest_route=\/wp\/v2\/posts\/808\/revisions\/810"}],"wp:featuredmedia":[{"embeddable":true,"href":"https:\/\/wgphoto.pl\/t\/index.php?rest_route=\/wp\/v2\/media\/809"}],"wp:attachment":[{"href":"https:\/\/wgphoto.pl\/t\/index.php?rest_route=%2Fwp%2Fv2%2Fmedia&parent=808"}],"wp:term":[{"taxonomy":"category","embeddable":true,"href":"https:\/\/wgphoto.pl\/t\/index.php?rest_route=%2Fwp%2Fv2%2Fcategories&post=808"},{"taxonomy":"post_tag","embeddable":true,"href":"https:\/\/wgphoto.pl\/t\/index.php?rest_route=%2Fwp%2Fv2%2Ftags&post=808"}],"curies":[{"name":"wp","href":"https:\/\/api.w.org\/{rel}","templated":true}]}}