{"id":8122,"date":"2024-12-28T21:44:57","date_gmt":"2024-12-28T20:44:57","guid":{"rendered":"https:\/\/wgphoto.pl\/t\/?p=8122"},"modified":"2024-12-28T21:44:57","modified_gmt":"2024-12-28T20:44:57","slug":"jesienne-eso-2","status":"publish","type":"post","link":"https:\/\/wgphoto.pl\/t\/?p=8122","title":{"rendered":"Jesienne Eso"},"content":{"rendered":"\n<figure class=\"wp-block-image aligncenter size-full\"><img loading=\"lazy\" decoding=\"async\" width=\"1300\" height=\"731\" src=\"https:\/\/wgphoto.pl\/t\/wp-content\/uploads\/2024\/12\/IMGP8220.jpg\" alt=\"\" class=\"wp-image-8123\" srcset=\"https:\/\/wgphoto.pl\/t\/wp-content\/uploads\/2024\/12\/IMGP8220.jpg 1300w, https:\/\/wgphoto.pl\/t\/wp-content\/uploads\/2024\/12\/IMGP8220-300x169.jpg 300w, https:\/\/wgphoto.pl\/t\/wp-content\/uploads\/2024\/12\/IMGP8220-768x432.jpg 768w\" sizes=\"auto, (max-width: 1300px) 100vw, 1300px\" \/><\/figure>\n\n\n\n<div class=\"wp-block-group has-global-padding is-layout-constrained wp-block-group-is-layout-constrained\">\n<p>Eso 363.017-5 z poci\u0105giem R 873 &#8222;\u0160pilberk&#8221; relacji Praha-Sm\u00edchov &#8211; Brno hl.n. na odcinku Bezpr\u00e1v\u00ed &#8211; \u00dast\u00ed nad Orlic\u00ed. 11.10.2010<\/p>\n<\/div>\n","protected":false},"excerpt":{"rendered":"<p>Eso 363.017-5 z poci\u0105giem R 873 &#8222;\u0160pilberk&#8221; relacji Praha-Sm\u00edchov &#8211; Brno hl.n. na odcinku Bezpr\u00e1v\u00ed &#8211; \u00dast\u00ed nad Orlic\u00ed. 11.10.2010<\/p>\n","protected":false},"author":1,"featured_media":8123,"comment_status":"open","ping_status":"","sticky":false,"template":"","format":"standard","meta":{"footnotes":""},"categories":[2,86],"tags":[1715,51,1713,50,49,126,1375,87],"class_list":["post-8122","post","type-post","status-publish","format-standard","has-post-thumbnail","hentry","category-kolej","category-rok-2010","tag-2010-10-11","tag-51","tag-bezpravi","tag-cd","tag-czechy","tag-jesien","tag-tab-cz010","tag-usti-nad-orlici"],"_links":{"self":[{"href":"https:\/\/wgphoto.pl\/t\/index.php?rest_route=\/wp\/v2\/posts\/8122","targetHints":{"allow":["GET"]}}],"collection":[{"href":"https:\/\/wgphoto.pl\/t\/index.php?rest_route=\/wp\/v2\/posts"}],"about":[{"href":"https:\/\/wgphoto.pl\/t\/index.php?rest_route=\/wp\/v2\/types\/post"}],"author":[{"embeddable":true,"href":"https:\/\/wgphoto.pl\/t\/index.php?rest_route=\/wp\/v2\/users\/1"}],"replies":[{"embeddable":true,"href":"https:\/\/wgphoto.pl\/t\/index.php?rest_route=%2Fwp%2Fv2%2Fcomments&post=8122"}],"version-history":[{"count":1,"href":"https:\/\/wgphoto.pl\/t\/index.php?rest_route=\/wp\/v2\/posts\/8122\/revisions"}],"predecessor-version":[{"id":8124,"href":"https:\/\/wgphoto.pl\/t\/index.php?rest_route=\/wp\/v2\/posts\/8122\/revisions\/8124"}],"wp:featuredmedia":[{"embeddable":true,"href":"https:\/\/wgphoto.pl\/t\/index.php?rest_route=\/wp\/v2\/media\/8123"}],"wp:attachment":[{"href":"https:\/\/wgphoto.pl\/t\/index.php?rest_route=%2Fwp%2Fv2%2Fmedia&parent=8122"}],"wp:term":[{"taxonomy":"category","embeddable":true,"href":"https:\/\/wgphoto.pl\/t\/index.php?rest_route=%2Fwp%2Fv2%2Fcategories&post=8122"},{"taxonomy":"post_tag","embeddable":true,"href":"https:\/\/wgphoto.pl\/t\/index.php?rest_route=%2Fwp%2Fv2%2Ftags&post=8122"}],"curies":[{"name":"wp","href":"https:\/\/api.w.org\/{rel}","templated":true}]}}