{"id":8134,"date":"2024-12-28T21:48:56","date_gmt":"2024-12-28T20:48:56","guid":{"rendered":"https:\/\/wgphoto.pl\/t\/?p=8134"},"modified":"2024-12-28T21:48:56","modified_gmt":"2024-12-28T20:48:56","slug":"zaduszki","status":"publish","type":"post","link":"https:\/\/wgphoto.pl\/t\/?p=8134","title":{"rendered":"Zaduszki"},"content":{"rendered":"\n<figure class=\"wp-block-image aligncenter size-full\"><img loading=\"lazy\" decoding=\"async\" width=\"1200\" height=\"900\" src=\"https:\/\/wgphoto.pl\/t\/wp-content\/uploads\/2024\/12\/0711020008.jpg\" alt=\"\" class=\"wp-image-8135\" srcset=\"https:\/\/wgphoto.pl\/t\/wp-content\/uploads\/2024\/12\/0711020008.jpg 1200w, https:\/\/wgphoto.pl\/t\/wp-content\/uploads\/2024\/12\/0711020008-300x225.jpg 300w, https:\/\/wgphoto.pl\/t\/wp-content\/uploads\/2024\/12\/0711020008-768x576.jpg 768w\" sizes=\"auto, (max-width: 1200px) 100vw, 1200px\" \/><\/figure>\n\n\n\n<div class=\"wp-block-group has-global-padding is-layout-constrained wp-block-group-is-layout-constrained\">\n<p>105Na 2300+2301 zatrzymuje si\u0119 przy g\u0142\u00f3wnej bramie Cmentarza Osobowickiego we Wroc\u0142awiu, gdzie w Dzie\u0144 Zaduszny panowa\u0142 jeszcze wzmo\u017cony ruch. 02.11.2007<\/p>\n<\/div>\n","protected":false},"excerpt":{"rendered":"<p>105Na 2300+2301 zatrzymuje si\u0119 przy g\u0142\u00f3wnej bramie Cmentarza Osobowickiego we Wroc\u0142awiu, gdzie w Dzie\u0144 Zaduszny panowa\u0142 jeszcze wzmo\u017cony ruch. 02.11.2007<\/p>\n","protected":false},"author":1,"featured_media":8135,"comment_status":"open","ping_status":"","sticky":false,"template":"","format":"standard","meta":{"footnotes":""},"categories":[96,3],"tags":[155,2690,151,42,27,41,127,2689],"class_list":["post-8134","post","type-post","status-publish","format-standard","has-post-thumbnail","hentry","category-rok-2007","category-tramwaj","tag-105na","tag-2007-11-02","tag-ludzie","tag-mpk-wroclaw","tag-polska","tag-wroclaw","tag-wroclawskie-e","tag-wszystkich-swietych"],"_links":{"self":[{"href":"https:\/\/wgphoto.pl\/t\/index.php?rest_route=\/wp\/v2\/posts\/8134","targetHints":{"allow":["GET"]}}],"collection":[{"href":"https:\/\/wgphoto.pl\/t\/index.php?rest_route=\/wp\/v2\/posts"}],"about":[{"href":"https:\/\/wgphoto.pl\/t\/index.php?rest_route=\/wp\/v2\/types\/post"}],"author":[{"embeddable":true,"href":"https:\/\/wgphoto.pl\/t\/index.php?rest_route=\/wp\/v2\/users\/1"}],"replies":[{"embeddable":true,"href":"https:\/\/wgphoto.pl\/t\/index.php?rest_route=%2Fwp%2Fv2%2Fcomments&post=8134"}],"version-history":[{"count":1,"href":"https:\/\/wgphoto.pl\/t\/index.php?rest_route=\/wp\/v2\/posts\/8134\/revisions"}],"predecessor-version":[{"id":8136,"href":"https:\/\/wgphoto.pl\/t\/index.php?rest_route=\/wp\/v2\/posts\/8134\/revisions\/8136"}],"wp:featuredmedia":[{"embeddable":true,"href":"https:\/\/wgphoto.pl\/t\/index.php?rest_route=\/wp\/v2\/media\/8135"}],"wp:attachment":[{"href":"https:\/\/wgphoto.pl\/t\/index.php?rest_route=%2Fwp%2Fv2%2Fmedia&parent=8134"}],"wp:term":[{"taxonomy":"category","embeddable":true,"href":"https:\/\/wgphoto.pl\/t\/index.php?rest_route=%2Fwp%2Fv2%2Fcategories&post=8134"},{"taxonomy":"post_tag","embeddable":true,"href":"https:\/\/wgphoto.pl\/t\/index.php?rest_route=%2Fwp%2Fv2%2Ftags&post=8134"}],"curies":[{"name":"wp","href":"https:\/\/api.w.org\/{rel}","templated":true}]}}