{"id":8137,"date":"2024-12-28T21:49:52","date_gmt":"2024-12-28T20:49:52","guid":{"rendered":"https:\/\/wgphoto.pl\/t\/?p=8137"},"modified":"2024-12-28T21:49:52","modified_gmt":"2024-12-28T20:49:52","slug":"tramwajem-na-cmentarz","status":"publish","type":"post","link":"https:\/\/wgphoto.pl\/t\/?p=8137","title":{"rendered":"Tramwajem na cmentarz"},"content":{"rendered":"\n<figure class=\"wp-block-image aligncenter size-full\"><img loading=\"lazy\" decoding=\"async\" width=\"1200\" height=\"900\" src=\"https:\/\/wgphoto.pl\/t\/wp-content\/uploads\/2024\/12\/0711020015.jpg\" alt=\"\" class=\"wp-image-8138\" srcset=\"https:\/\/wgphoto.pl\/t\/wp-content\/uploads\/2024\/12\/0711020015.jpg 1200w, https:\/\/wgphoto.pl\/t\/wp-content\/uploads\/2024\/12\/0711020015-300x225.jpg 300w, https:\/\/wgphoto.pl\/t\/wp-content\/uploads\/2024\/12\/0711020015-768x576.jpg 768w\" sizes=\"auto, (max-width: 1200px) 100vw, 1200px\" \/><\/figure>\n\n\n\n<div class=\"wp-block-group has-global-padding is-layout-constrained wp-block-group-is-layout-constrained\">\n<p>Wroc\u0142aw, p\u0119tla Cmentarz Grabiszy\u0144ski (gdy\u017c tak w\u0142a\u015bnie si\u0119 w\u00f3wczas nazywa\u0142a) i sk\u0142ad 105Na 2492+2493 na linii 5, kt\u00f3ra ko\u0144czy\u0142a tu tras\u0119 zanim dosz\u0142o do zamiany kra\u0144c\u00f3w z lini\u0105 11. Na pierwszym planie wida\u0107 fragment przedwojennego cmentarza na terenie Parku Grabiszy\u0144skiego. 02.11.2007<\/p>\n<\/div>\n","protected":false},"excerpt":{"rendered":"<p>Wroc\u0142aw, p\u0119tla Cmentarz Grabiszy\u0144ski (gdy\u017c tak w\u0142a\u015bnie si\u0119 w\u00f3wczas nazywa\u0142a) i sk\u0142ad 105Na 2492+2493 na linii 5, kt\u00f3ra ko\u0144czy\u0142a tu tras\u0119 zanim dosz\u0142o do zamiany kra\u0144c\u00f3w z lini\u0105 11. Na pierwszym planie wida\u0107 fragment przedwojennego cmentarza na terenie Parku Grabiszy\u0144skiego. 02.11.2007<\/p>\n","protected":false},"author":1,"featured_media":8138,"comment_status":"open","ping_status":"","sticky":false,"template":"","format":"standard","meta":{"footnotes":""},"categories":[96,3],"tags":[155,2690,1553,126,42,27,41],"class_list":["post-8137","post","type-post","status-publish","format-standard","has-post-thumbnail","hentry","category-rok-2007","category-tramwaj","tag-105na","tag-2007-11-02","tag-grabiszynska","tag-jesien","tag-mpk-wroclaw","tag-polska","tag-wroclaw"],"_links":{"self":[{"href":"https:\/\/wgphoto.pl\/t\/index.php?rest_route=\/wp\/v2\/posts\/8137","targetHints":{"allow":["GET"]}}],"collection":[{"href":"https:\/\/wgphoto.pl\/t\/index.php?rest_route=\/wp\/v2\/posts"}],"about":[{"href":"https:\/\/wgphoto.pl\/t\/index.php?rest_route=\/wp\/v2\/types\/post"}],"author":[{"embeddable":true,"href":"https:\/\/wgphoto.pl\/t\/index.php?rest_route=\/wp\/v2\/users\/1"}],"replies":[{"embeddable":true,"href":"https:\/\/wgphoto.pl\/t\/index.php?rest_route=%2Fwp%2Fv2%2Fcomments&post=8137"}],"version-history":[{"count":1,"href":"https:\/\/wgphoto.pl\/t\/index.php?rest_route=\/wp\/v2\/posts\/8137\/revisions"}],"predecessor-version":[{"id":8139,"href":"https:\/\/wgphoto.pl\/t\/index.php?rest_route=\/wp\/v2\/posts\/8137\/revisions\/8139"}],"wp:featuredmedia":[{"embeddable":true,"href":"https:\/\/wgphoto.pl\/t\/index.php?rest_route=\/wp\/v2\/media\/8138"}],"wp:attachment":[{"href":"https:\/\/wgphoto.pl\/t\/index.php?rest_route=%2Fwp%2Fv2%2Fmedia&parent=8137"}],"wp:term":[{"taxonomy":"category","embeddable":true,"href":"https:\/\/wgphoto.pl\/t\/index.php?rest_route=%2Fwp%2Fv2%2Fcategories&post=8137"},{"taxonomy":"post_tag","embeddable":true,"href":"https:\/\/wgphoto.pl\/t\/index.php?rest_route=%2Fwp%2Fv2%2Ftags&post=8137"}],"curies":[{"name":"wp","href":"https:\/\/api.w.org\/{rel}","templated":true}]}}