{"id":814,"date":"2024-09-30T21:14:39","date_gmt":"2024-09-30T19:14:39","guid":{"rendered":"https:\/\/wgphoto.pl\/t\/?p=814"},"modified":"2024-09-30T21:14:39","modified_gmt":"2024-09-30T19:14:39","slug":"bratkow-zgorzelecki","status":"publish","type":"post","link":"https:\/\/wgphoto.pl\/t\/?p=814","title":{"rendered":"Bratk\u00f3w Zgorzelecki"},"content":{"rendered":"\n<figure class=\"wp-block-image aligncenter size-full\"><img loading=\"lazy\" decoding=\"async\" width=\"1200\" height=\"795\" src=\"https:\/\/wgphoto.pl\/t\/wp-content\/uploads\/2024\/09\/IMGP8692.jpg\" alt=\"\" class=\"wp-image-815\" srcset=\"https:\/\/wgphoto.pl\/t\/wp-content\/uploads\/2024\/09\/IMGP8692.jpg 1200w, https:\/\/wgphoto.pl\/t\/wp-content\/uploads\/2024\/09\/IMGP8692-300x199.jpg 300w, https:\/\/wgphoto.pl\/t\/wp-content\/uploads\/2024\/09\/IMGP8692-768x509.jpg 768w\" sizes=\"auto, (max-width: 1200px) 100vw, 1200px\" \/><\/figure>\n\n\n\n<div class=\"wp-block-group has-global-padding is-layout-constrained wp-block-group-is-layout-constrained\">\n<p>Jedyne foto, jakie uda\u0142o mi si\u0119 zrobi\u0107 na tym nieczynnym przystanku. Pojazd nie jest szczeg\u00f3lnie wyj\u015bciowy, ale jako\u015b tak dodaje klimatu. 28.11.2014<\/p>\n<\/div>\n","protected":false},"excerpt":{"rendered":"<p>Jedyne foto, jakie uda\u0142o mi si\u0119 zrobi\u0107 na tym nieczynnym przystanku. Pojazd nie jest szczeg\u00f3lnie wyj\u015bciowy, ale jako\u015b tak dodaje klimatu. 28.11.2014<\/p>\n","protected":false},"author":1,"featured_media":815,"comment_status":"open","ping_status":"","sticky":false,"template":"","format":"standard","meta":{"footnotes":""},"categories":[2,48],"tags":[410,407,63,27,409,408],"class_list":["post-814","post","type-post","status-publish","format-standard","has-post-thumbnail","hentry","category-kolej","category-rok-2014","tag-2014-11-28","tag-bratkow-zgorzelecki","tag-pkp","tag-polska","tag-roboczy","tag-wm15"],"_links":{"self":[{"href":"https:\/\/wgphoto.pl\/t\/index.php?rest_route=\/wp\/v2\/posts\/814","targetHints":{"allow":["GET"]}}],"collection":[{"href":"https:\/\/wgphoto.pl\/t\/index.php?rest_route=\/wp\/v2\/posts"}],"about":[{"href":"https:\/\/wgphoto.pl\/t\/index.php?rest_route=\/wp\/v2\/types\/post"}],"author":[{"embeddable":true,"href":"https:\/\/wgphoto.pl\/t\/index.php?rest_route=\/wp\/v2\/users\/1"}],"replies":[{"embeddable":true,"href":"https:\/\/wgphoto.pl\/t\/index.php?rest_route=%2Fwp%2Fv2%2Fcomments&post=814"}],"version-history":[{"count":1,"href":"https:\/\/wgphoto.pl\/t\/index.php?rest_route=\/wp\/v2\/posts\/814\/revisions"}],"predecessor-version":[{"id":816,"href":"https:\/\/wgphoto.pl\/t\/index.php?rest_route=\/wp\/v2\/posts\/814\/revisions\/816"}],"wp:featuredmedia":[{"embeddable":true,"href":"https:\/\/wgphoto.pl\/t\/index.php?rest_route=\/wp\/v2\/media\/815"}],"wp:attachment":[{"href":"https:\/\/wgphoto.pl\/t\/index.php?rest_route=%2Fwp%2Fv2%2Fmedia&parent=814"}],"wp:term":[{"taxonomy":"category","embeddable":true,"href":"https:\/\/wgphoto.pl\/t\/index.php?rest_route=%2Fwp%2Fv2%2Fcategories&post=814"},{"taxonomy":"post_tag","embeddable":true,"href":"https:\/\/wgphoto.pl\/t\/index.php?rest_route=%2Fwp%2Fv2%2Ftags&post=814"}],"curies":[{"name":"wp","href":"https:\/\/api.w.org\/{rel}","templated":true}]}}