{"id":8140,"date":"2024-12-28T21:50:59","date_gmt":"2024-12-28T20:50:59","guid":{"rendered":"https:\/\/wgphoto.pl\/t\/?p=8140"},"modified":"2024-12-28T21:50:59","modified_gmt":"2024-12-28T20:50:59","slug":"e4-na-drugim-koncu-trasy","status":"publish","type":"post","link":"https:\/\/wgphoto.pl\/t\/?p=8140","title":{"rendered":"E4 na drugim ko\u0144cu trasy"},"content":{"rendered":"\n<figure class=\"wp-block-image aligncenter size-full\"><img loading=\"lazy\" decoding=\"async\" width=\"1200\" height=\"800\" src=\"https:\/\/wgphoto.pl\/t\/wp-content\/uploads\/2024\/12\/DSCF7782.jpg\" alt=\"\" class=\"wp-image-8141\" srcset=\"https:\/\/wgphoto.pl\/t\/wp-content\/uploads\/2024\/12\/DSCF7782.jpg 1200w, https:\/\/wgphoto.pl\/t\/wp-content\/uploads\/2024\/12\/DSCF7782-300x200.jpg 300w, https:\/\/wgphoto.pl\/t\/wp-content\/uploads\/2024\/12\/DSCF7782-768x512.jpg 768w\" sizes=\"auto, (max-width: 1200px) 100vw, 1200px\" \/><\/figure>\n\n\n\n<div class=\"wp-block-group has-global-padding is-layout-constrained wp-block-group-is-layout-constrained\">\n<p>Wroc\u0142aw, ul. Jedno\u015bci Narodowej. 105Na 2458+2459 za kilka minut dotrze na p\u0119tl\u0119 linii E4 przy al. Marcina Kromera. Zazwyczaj linie &#8222;E&#8221; pojawiaj\u0105 si\u0119 na zdj\u0119ciach z okolic cmentarzy, bo tam mo\u017cna po\u0142apa\u0107 najwi\u0119cej tramwaj\u00f3w, rzadko wi\u0119c mo\u017cna je zobaczy\u0107 w kadrach wykonanych na &#8222;tych drugich&#8221; ko\u0144cach trasy. 01.11.2008<\/p>\n<\/div>\n","protected":false},"excerpt":{"rendered":"<p>Wroc\u0142aw, ul. Jedno\u015bci Narodowej. 105Na 2458+2459 za kilka minut dotrze na p\u0119tl\u0119 linii E4 przy al. Marcina Kromera. Zazwyczaj linie &#8222;E&#8221; pojawiaj\u0105 si\u0119 na zdj\u0119ciach z okolic cmentarzy, bo tam mo\u017cna po\u0142apa\u0107 najwi\u0119cej tramwaj\u00f3w, rzadko wi\u0119c mo\u017cna je zobaczy\u0107 w kadrach wykonanych na &#8222;tych drugich&#8221; ko\u0144cach trasy. 01.11.2008<\/p>\n","protected":false},"author":1,"featured_media":8141,"comment_status":"open","ping_status":"","sticky":false,"template":"","format":"standard","meta":{"footnotes":""},"categories":[120,3],"tags":[155,2691,418,42,27,41,127],"class_list":["post-8140","post","type-post","status-publish","format-standard","has-post-thumbnail","hentry","category-rok-2008","category-tramwaj","tag-105na","tag-2008-11-01","tag-auto","tag-mpk-wroclaw","tag-polska","tag-wroclaw","tag-wroclawskie-e"],"_links":{"self":[{"href":"https:\/\/wgphoto.pl\/t\/index.php?rest_route=\/wp\/v2\/posts\/8140","targetHints":{"allow":["GET"]}}],"collection":[{"href":"https:\/\/wgphoto.pl\/t\/index.php?rest_route=\/wp\/v2\/posts"}],"about":[{"href":"https:\/\/wgphoto.pl\/t\/index.php?rest_route=\/wp\/v2\/types\/post"}],"author":[{"embeddable":true,"href":"https:\/\/wgphoto.pl\/t\/index.php?rest_route=\/wp\/v2\/users\/1"}],"replies":[{"embeddable":true,"href":"https:\/\/wgphoto.pl\/t\/index.php?rest_route=%2Fwp%2Fv2%2Fcomments&post=8140"}],"version-history":[{"count":1,"href":"https:\/\/wgphoto.pl\/t\/index.php?rest_route=\/wp\/v2\/posts\/8140\/revisions"}],"predecessor-version":[{"id":8142,"href":"https:\/\/wgphoto.pl\/t\/index.php?rest_route=\/wp\/v2\/posts\/8140\/revisions\/8142"}],"wp:featuredmedia":[{"embeddable":true,"href":"https:\/\/wgphoto.pl\/t\/index.php?rest_route=\/wp\/v2\/media\/8141"}],"wp:attachment":[{"href":"https:\/\/wgphoto.pl\/t\/index.php?rest_route=%2Fwp%2Fv2%2Fmedia&parent=8140"}],"wp:term":[{"taxonomy":"category","embeddable":true,"href":"https:\/\/wgphoto.pl\/t\/index.php?rest_route=%2Fwp%2Fv2%2Fcategories&post=8140"},{"taxonomy":"post_tag","embeddable":true,"href":"https:\/\/wgphoto.pl\/t\/index.php?rest_route=%2Fwp%2Fv2%2Ftags&post=8140"}],"curies":[{"name":"wp","href":"https:\/\/api.w.org\/{rel}","templated":true}]}}