{"id":8143,"date":"2024-12-28T21:51:56","date_gmt":"2024-12-28T20:51:56","guid":{"rendered":"https:\/\/wgphoto.pl\/t\/?p=8143"},"modified":"2024-12-28T21:51:56","modified_gmt":"2024-12-28T20:51:56","slug":"2x-e1","status":"publish","type":"post","link":"https:\/\/wgphoto.pl\/t\/?p=8143","title":{"rendered":"2x E1"},"content":{"rendered":"\n<figure class=\"wp-block-image aligncenter size-full\"><img loading=\"lazy\" decoding=\"async\" width=\"1200\" height=\"900\" src=\"https:\/\/wgphoto.pl\/t\/wp-content\/uploads\/2024\/12\/DSCF7774.jpg\" alt=\"\" class=\"wp-image-8144\" srcset=\"https:\/\/wgphoto.pl\/t\/wp-content\/uploads\/2024\/12\/DSCF7774.jpg 1200w, https:\/\/wgphoto.pl\/t\/wp-content\/uploads\/2024\/12\/DSCF7774-300x225.jpg 300w, https:\/\/wgphoto.pl\/t\/wp-content\/uploads\/2024\/12\/DSCF7774-768x576.jpg 768w\" sizes=\"auto, (max-width: 1200px) 100vw, 1200px\" \/><\/figure>\n\n\n\n<div class=\"wp-block-group has-global-padding is-layout-constrained wp-block-group-is-layout-constrained\">\n<p>Wroc\u0142aw, ul. Grabiszy\u0144ska. Czasem bywa i tak, \u017ce brygady tej samej linii doganiaj\u0105 si\u0119 pomimo planowego 10-minutowego odst\u0119pu. Jako pierwszy na linii E1 jedzie sk\u0142ad 105Na 2512+2511. 01.11.2008<\/p>\n<\/div>\n","protected":false},"excerpt":{"rendered":"<p>Wroc\u0142aw, ul. Grabiszy\u0144ska. Czasem bywa i tak, \u017ce brygady tej samej linii doganiaj\u0105 si\u0119 pomimo planowego 10-minutowego odst\u0119pu. Jako pierwszy na linii E1 jedzie sk\u0142ad 105Na 2512+2511. 01.11.2008<\/p>\n","protected":false},"author":1,"featured_media":8144,"comment_status":"open","ping_status":"","sticky":false,"template":"","format":"standard","meta":{"footnotes":""},"categories":[120,3],"tags":[155,2691,1553,126,42,27,41,127],"class_list":["post-8143","post","type-post","status-publish","format-standard","has-post-thumbnail","hentry","category-rok-2008","category-tramwaj","tag-105na","tag-2008-11-01","tag-grabiszynska","tag-jesien","tag-mpk-wroclaw","tag-polska","tag-wroclaw","tag-wroclawskie-e"],"_links":{"self":[{"href":"https:\/\/wgphoto.pl\/t\/index.php?rest_route=\/wp\/v2\/posts\/8143","targetHints":{"allow":["GET"]}}],"collection":[{"href":"https:\/\/wgphoto.pl\/t\/index.php?rest_route=\/wp\/v2\/posts"}],"about":[{"href":"https:\/\/wgphoto.pl\/t\/index.php?rest_route=\/wp\/v2\/types\/post"}],"author":[{"embeddable":true,"href":"https:\/\/wgphoto.pl\/t\/index.php?rest_route=\/wp\/v2\/users\/1"}],"replies":[{"embeddable":true,"href":"https:\/\/wgphoto.pl\/t\/index.php?rest_route=%2Fwp%2Fv2%2Fcomments&post=8143"}],"version-history":[{"count":1,"href":"https:\/\/wgphoto.pl\/t\/index.php?rest_route=\/wp\/v2\/posts\/8143\/revisions"}],"predecessor-version":[{"id":8145,"href":"https:\/\/wgphoto.pl\/t\/index.php?rest_route=\/wp\/v2\/posts\/8143\/revisions\/8145"}],"wp:featuredmedia":[{"embeddable":true,"href":"https:\/\/wgphoto.pl\/t\/index.php?rest_route=\/wp\/v2\/media\/8144"}],"wp:attachment":[{"href":"https:\/\/wgphoto.pl\/t\/index.php?rest_route=%2Fwp%2Fv2%2Fmedia&parent=8143"}],"wp:term":[{"taxonomy":"category","embeddable":true,"href":"https:\/\/wgphoto.pl\/t\/index.php?rest_route=%2Fwp%2Fv2%2Fcategories&post=8143"},{"taxonomy":"post_tag","embeddable":true,"href":"https:\/\/wgphoto.pl\/t\/index.php?rest_route=%2Fwp%2Fv2%2Ftags&post=8143"}],"curies":[{"name":"wp","href":"https:\/\/api.w.org\/{rel}","templated":true}]}}