{"id":8146,"date":"2024-12-28T21:52:53","date_gmt":"2024-12-28T20:52:53","guid":{"rendered":"https:\/\/wgphoto.pl\/t\/?p=8146"},"modified":"2024-12-28T21:52:53","modified_gmt":"2024-12-28T20:52:53","slug":"nie-ma-komu-deptac-chyba-ze-stopiatka","status":"publish","type":"post","link":"https:\/\/wgphoto.pl\/t\/?p=8146","title":{"rendered":"Nie ma komu depta\u0107, chyba \u017ce stopi\u0105tk\u0105"},"content":{"rendered":"\n<figure class=\"wp-block-image aligncenter size-full\"><img loading=\"lazy\" decoding=\"async\" width=\"1200\" height=\"900\" src=\"https:\/\/wgphoto.pl\/t\/wp-content\/uploads\/2024\/12\/DSCF7801.jpg\" alt=\"\" class=\"wp-image-8147\" srcset=\"https:\/\/wgphoto.pl\/t\/wp-content\/uploads\/2024\/12\/DSCF7801.jpg 1200w, https:\/\/wgphoto.pl\/t\/wp-content\/uploads\/2024\/12\/DSCF7801-300x225.jpg 300w, https:\/\/wgphoto.pl\/t\/wp-content\/uploads\/2024\/12\/DSCF7801-768x576.jpg 768w\" sizes=\"auto, (max-width: 1200px) 100vw, 1200px\" \/><\/figure>\n\n\n\n<div class=\"wp-block-group has-global-padding is-layout-constrained wp-block-group-is-layout-constrained\">\n<p>Wroc\u0142aw, ul. Szewska, 105Na 2454+2453. We Wszystkich \u015awi\u0119tych deptak na Starym Mie\u015bcie \u015bwieci pustkami. Tytu\u0142 zdj\u0119cia nawi\u0105zuje do &#8222;deptania&#8221; peda\u0142\u00f3w w stopi\u0105tce. 01.11.2008<\/p>\n<\/div>\n","protected":false},"excerpt":{"rendered":"<p>Wroc\u0142aw, ul. Szewska, 105Na 2454+2453. We Wszystkich \u015awi\u0119tych deptak na Starym Mie\u015bcie \u015bwieci pustkami. Tytu\u0142 zdj\u0119cia nawi\u0105zuje do &#8222;deptania&#8221; peda\u0142\u00f3w w stopi\u0105tce. 01.11.2008<\/p>\n","protected":false},"author":1,"featured_media":8147,"comment_status":"open","ping_status":"","sticky":false,"template":"","format":"standard","meta":{"footnotes":""},"categories":[120,3],"tags":[155,2691,239,42,27,41,127],"class_list":["post-8146","post","type-post","status-publish","format-standard","has-post-thumbnail","hentry","category-rok-2008","category-tramwaj","tag-105na","tag-2008-11-01","tag-deptak","tag-mpk-wroclaw","tag-polska","tag-wroclaw","tag-wroclawskie-e"],"_links":{"self":[{"href":"https:\/\/wgphoto.pl\/t\/index.php?rest_route=\/wp\/v2\/posts\/8146","targetHints":{"allow":["GET"]}}],"collection":[{"href":"https:\/\/wgphoto.pl\/t\/index.php?rest_route=\/wp\/v2\/posts"}],"about":[{"href":"https:\/\/wgphoto.pl\/t\/index.php?rest_route=\/wp\/v2\/types\/post"}],"author":[{"embeddable":true,"href":"https:\/\/wgphoto.pl\/t\/index.php?rest_route=\/wp\/v2\/users\/1"}],"replies":[{"embeddable":true,"href":"https:\/\/wgphoto.pl\/t\/index.php?rest_route=%2Fwp%2Fv2%2Fcomments&post=8146"}],"version-history":[{"count":1,"href":"https:\/\/wgphoto.pl\/t\/index.php?rest_route=\/wp\/v2\/posts\/8146\/revisions"}],"predecessor-version":[{"id":8148,"href":"https:\/\/wgphoto.pl\/t\/index.php?rest_route=\/wp\/v2\/posts\/8146\/revisions\/8148"}],"wp:featuredmedia":[{"embeddable":true,"href":"https:\/\/wgphoto.pl\/t\/index.php?rest_route=\/wp\/v2\/media\/8147"}],"wp:attachment":[{"href":"https:\/\/wgphoto.pl\/t\/index.php?rest_route=%2Fwp%2Fv2%2Fmedia&parent=8146"}],"wp:term":[{"taxonomy":"category","embeddable":true,"href":"https:\/\/wgphoto.pl\/t\/index.php?rest_route=%2Fwp%2Fv2%2Fcategories&post=8146"},{"taxonomy":"post_tag","embeddable":true,"href":"https:\/\/wgphoto.pl\/t\/index.php?rest_route=%2Fwp%2Fv2%2Ftags&post=8146"}],"curies":[{"name":"wp","href":"https:\/\/api.w.org\/{rel}","templated":true}]}}