{"id":8164,"date":"2024-12-28T21:59:21","date_gmt":"2024-12-28T20:59:21","guid":{"rendered":"https:\/\/wgphoto.pl\/t\/?p=8164"},"modified":"2024-12-28T21:59:21","modified_gmt":"2024-12-28T20:59:21","slug":"kolejowa-pocztowka-z-berlina","status":"publish","type":"post","link":"https:\/\/wgphoto.pl\/t\/?p=8164","title":{"rendered":"Kolejowa poczt\u00f3wka z Berlina"},"content":{"rendered":"\n<figure class=\"wp-block-image aligncenter size-full\"><img loading=\"lazy\" decoding=\"async\" width=\"1300\" height=\"861\" src=\"https:\/\/wgphoto.pl\/t\/wp-content\/uploads\/2024\/12\/IMGP3315.jpg\" alt=\"\" class=\"wp-image-8165\" srcset=\"https:\/\/wgphoto.pl\/t\/wp-content\/uploads\/2024\/12\/IMGP3315.jpg 1300w, https:\/\/wgphoto.pl\/t\/wp-content\/uploads\/2024\/12\/IMGP3315-300x199.jpg 300w, https:\/\/wgphoto.pl\/t\/wp-content\/uploads\/2024\/12\/IMGP3315-768x509.jpg 768w\" sizes=\"auto, (max-width: 1300px) 100vw, 1300px\" \/><\/figure>\n\n\n\n<div class=\"wp-block-group has-global-padding is-layout-constrained wp-block-group-is-layout-constrained\">\n<p>Lokomotywa 182.022 z poci\u0105giem RE Frankfurt (Oder) &#8211; Magdeburg Hbf mija przystanek S-bahnu Jannowitzbr\u00fccke w Berlinie, kt\u00f3ry sw\u0105 nazw\u0119 wzi\u0105\u0142 od mostu nad Sprew\u0105, widocznego w g\u0142\u0119bi kadru. 15.09.2021<\/p>\n<\/div>\n","protected":false},"excerpt":{"rendered":"<p>Lokomotywa 182.022 z poci\u0105giem RE Frankfurt (Oder) &#8211; Magdeburg Hbf mija przystanek S-bahnu Jannowitzbr\u00fccke w Berlinie, kt\u00f3ry sw\u0105 nazw\u0119 wzi\u0105\u0142 od mostu nad Sprew\u0105, widocznego w g\u0142\u0119bi kadru. 15.09.2021<\/p>\n","protected":false},"author":1,"featured_media":8165,"comment_status":"open","ping_status":"","sticky":false,"template":"","format":"standard","meta":{"footnotes":""},"categories":[2,681],"tags":[2693,2579,639,2694,206,23,2202,73,119],"class_list":["post-8164","post","type-post","status-publish","format-standard","has-post-thumbnail","hentry","category-kolej","category-rok-2021","tag-2693","tag-2021-09-15","tag-berlin","tag-berlin-jannowitzbrucke","tag-db","tag-niemcy","tag-niemieckie-wakacje-2021","tag-rzeka","tag-siemens-taurus"],"_links":{"self":[{"href":"https:\/\/wgphoto.pl\/t\/index.php?rest_route=\/wp\/v2\/posts\/8164","targetHints":{"allow":["GET"]}}],"collection":[{"href":"https:\/\/wgphoto.pl\/t\/index.php?rest_route=\/wp\/v2\/posts"}],"about":[{"href":"https:\/\/wgphoto.pl\/t\/index.php?rest_route=\/wp\/v2\/types\/post"}],"author":[{"embeddable":true,"href":"https:\/\/wgphoto.pl\/t\/index.php?rest_route=\/wp\/v2\/users\/1"}],"replies":[{"embeddable":true,"href":"https:\/\/wgphoto.pl\/t\/index.php?rest_route=%2Fwp%2Fv2%2Fcomments&post=8164"}],"version-history":[{"count":1,"href":"https:\/\/wgphoto.pl\/t\/index.php?rest_route=\/wp\/v2\/posts\/8164\/revisions"}],"predecessor-version":[{"id":8166,"href":"https:\/\/wgphoto.pl\/t\/index.php?rest_route=\/wp\/v2\/posts\/8164\/revisions\/8166"}],"wp:featuredmedia":[{"embeddable":true,"href":"https:\/\/wgphoto.pl\/t\/index.php?rest_route=\/wp\/v2\/media\/8165"}],"wp:attachment":[{"href":"https:\/\/wgphoto.pl\/t\/index.php?rest_route=%2Fwp%2Fv2%2Fmedia&parent=8164"}],"wp:term":[{"taxonomy":"category","embeddable":true,"href":"https:\/\/wgphoto.pl\/t\/index.php?rest_route=%2Fwp%2Fv2%2Fcategories&post=8164"},{"taxonomy":"post_tag","embeddable":true,"href":"https:\/\/wgphoto.pl\/t\/index.php?rest_route=%2Fwp%2Fv2%2Ftags&post=8164"}],"curies":[{"name":"wp","href":"https:\/\/api.w.org\/{rel}","templated":true}]}}