{"id":8167,"date":"2024-12-28T22:00:18","date_gmt":"2024-12-28T21:00:18","guid":{"rendered":"https:\/\/wgphoto.pl\/t\/?p=8167"},"modified":"2024-12-28T22:00:18","modified_gmt":"2024-12-28T21:00:18","slug":"pomoz-dzieciom","status":"publish","type":"post","link":"https:\/\/wgphoto.pl\/t\/?p=8167","title":{"rendered":"Pom\u00f3\u017c dzieciom"},"content":{"rendered":"\n<figure class=\"wp-block-image aligncenter size-full\"><img loading=\"lazy\" decoding=\"async\" width=\"1200\" height=\"800\" src=\"https:\/\/wgphoto.pl\/t\/wp-content\/uploads\/2024\/12\/0901-32.jpg\" alt=\"\" class=\"wp-image-8168\" srcset=\"https:\/\/wgphoto.pl\/t\/wp-content\/uploads\/2024\/12\/0901-32.jpg 1200w, https:\/\/wgphoto.pl\/t\/wp-content\/uploads\/2024\/12\/0901-32-300x200.jpg 300w, https:\/\/wgphoto.pl\/t\/wp-content\/uploads\/2024\/12\/0901-32-768x512.jpg 768w\" sizes=\"auto, (max-width: 1200px) 100vw, 1200px\" \/><\/figure>\n\n\n\n<div class=\"wp-block-group has-global-padding is-layout-constrained wp-block-group-is-layout-constrained\">\n<p>Stacja T\u00e1bor, poci\u0105g osobowy 8268 do Bene\u0161ova u Prahy poprowadzi Eso 363.084-5 w reklamowych barwach &#8222;Pomozte d\u011btem&#8221; &#8211; by\u0142 to wsp\u00f3lny projekt charytatywny Telewizji Czeskiej i Fundacji Rozwoju Spo\u0142ecze\u0144stwa Obywatelskiego. Kursy relacji T\u00e1bor &#8211; Bene\u0161ova u Prahy realizowane s\u0105 na odcinku, gdzie nast\u0119puje zmiana zasilania z =3 kV na ~25 kV, dlatego zatrudniona tu zosta\u0142a lokomotywa dwusystemowa. Jaki\u015b czas p\u00f3\u017aniej ich obs\u0142ug\u0119 przej\u0119\u0142y Regionovy (a m\u00f3wimy o zelektryfikowanej linii g\u0142\u00f3wnej), a obecnie nie wiem czy przypadkiem nie m\u00f3wi si\u0119 o likwidacji poci\u0105g\u00f3w osobowych na tym odcinku, kt\u00f3re nie ciesz\u0105 si\u0119 zainteresowaniem podr\u00f3\u017cnych, ci bowiem je\u017cd\u017c\u0105 pomi\u0119dzy wi\u0119kszymi miejscowo\u015bciami, obs\u0142ugiwanymi przez szybsze poci\u0105gi pospieszne. 14.02.2009<\/p>\n<\/div>\n","protected":false},"excerpt":{"rendered":"<p>Stacja T\u00e1bor, poci\u0105g osobowy 8268 do Bene\u0161ova u Prahy poprowadzi Eso 363.084-5 w reklamowych barwach &#8222;Pomozte d\u011btem&#8221; &#8211; by\u0142 to wsp\u00f3lny projekt charytatywny Telewizji Czeskiej i Fundacji Rozwoju Spo\u0142ecze\u0144stwa Obywatelskiego. Kursy relacji T\u00e1bor &#8211; Bene\u0161ova u Prahy realizowane s\u0105 na odcinku, gdzie nast\u0119puje zmiana zasilania z =3 kV na ~25 kV, dlatego zatrudniona tu zosta\u0142a [&hellip;]<\/p>\n","protected":false},"author":1,"featured_media":8168,"comment_status":"open","ping_status":"","sticky":false,"template":"","format":"standard","meta":{"footnotes":""},"categories":[62,2,169],"tags":[2695,51,50,154,44,1694,1889],"class_list":["post-8167","post","type-post","status-publish","format-standard","has-post-thumbnail","hentry","category-analog","category-kolej","category-rok-2009","tag-2009-02-14","tag-51","tag-cd","tag-noc","tag-snieg","tag-tab-cz220","tag-tabor"],"_links":{"self":[{"href":"https:\/\/wgphoto.pl\/t\/index.php?rest_route=\/wp\/v2\/posts\/8167","targetHints":{"allow":["GET"]}}],"collection":[{"href":"https:\/\/wgphoto.pl\/t\/index.php?rest_route=\/wp\/v2\/posts"}],"about":[{"href":"https:\/\/wgphoto.pl\/t\/index.php?rest_route=\/wp\/v2\/types\/post"}],"author":[{"embeddable":true,"href":"https:\/\/wgphoto.pl\/t\/index.php?rest_route=\/wp\/v2\/users\/1"}],"replies":[{"embeddable":true,"href":"https:\/\/wgphoto.pl\/t\/index.php?rest_route=%2Fwp%2Fv2%2Fcomments&post=8167"}],"version-history":[{"count":1,"href":"https:\/\/wgphoto.pl\/t\/index.php?rest_route=\/wp\/v2\/posts\/8167\/revisions"}],"predecessor-version":[{"id":8169,"href":"https:\/\/wgphoto.pl\/t\/index.php?rest_route=\/wp\/v2\/posts\/8167\/revisions\/8169"}],"wp:featuredmedia":[{"embeddable":true,"href":"https:\/\/wgphoto.pl\/t\/index.php?rest_route=\/wp\/v2\/media\/8168"}],"wp:attachment":[{"href":"https:\/\/wgphoto.pl\/t\/index.php?rest_route=%2Fwp%2Fv2%2Fmedia&parent=8167"}],"wp:term":[{"taxonomy":"category","embeddable":true,"href":"https:\/\/wgphoto.pl\/t\/index.php?rest_route=%2Fwp%2Fv2%2Fcategories&post=8167"},{"taxonomy":"post_tag","embeddable":true,"href":"https:\/\/wgphoto.pl\/t\/index.php?rest_route=%2Fwp%2Fv2%2Ftags&post=8167"}],"curies":[{"name":"wp","href":"https:\/\/api.w.org\/{rel}","templated":true}]}}