{"id":8204,"date":"2024-12-28T22:17:38","date_gmt":"2024-12-28T21:17:38","guid":{"rendered":"https:\/\/wgphoto.pl\/t\/?p=8204"},"modified":"2024-12-28T22:17:38","modified_gmt":"2024-12-28T21:17:38","slug":"666","status":"publish","type":"post","link":"https:\/\/wgphoto.pl\/t\/?p=8204","title":{"rendered":"666"},"content":{"rendered":"\n<figure class=\"wp-block-image aligncenter size-full\"><img loading=\"lazy\" decoding=\"async\" width=\"1300\" height=\"861\" src=\"https:\/\/wgphoto.pl\/t\/wp-content\/uploads\/2024\/12\/IMGP9776-1.jpg\" alt=\"\" class=\"wp-image-8205\" srcset=\"https:\/\/wgphoto.pl\/t\/wp-content\/uploads\/2024\/12\/IMGP9776-1.jpg 1300w, https:\/\/wgphoto.pl\/t\/wp-content\/uploads\/2024\/12\/IMGP9776-1-300x199.jpg 300w, https:\/\/wgphoto.pl\/t\/wp-content\/uploads\/2024\/12\/IMGP9776-1-768x509.jpg 768w\" sizes=\"auto, (max-width: 1300px) 100vw, 1300px\" \/><\/figure>\n\n\n\n<div class=\"wp-block-group has-global-padding is-layout-constrained wp-block-group-is-layout-constrained\">\n<p>Kassel, Wilhelmsh\u00f6her Allee. Sk\u0142ad Bombardier\u00f3w w najbardziej chyba znanym kadrze z tego miasta, na d\u0142ugiej, prostej alei. Widok w przeciwn\u0105 stron\u0119 zamyka wzg\u00f3rze o nazwie widocznej na przedniej tablicy tramwaju, jednak przejrzysto\u015b\u0107 tego dnia nie by\u0142a najlepsza, wi\u0119c nawet si\u0119 nie sili\u0142em na takie uj\u0119cie. 17.03.2017<\/p>\n<\/div>\n","protected":false},"excerpt":{"rendered":"<p>Kassel, Wilhelmsh\u00f6her Allee. Sk\u0142ad Bombardier\u00f3w w najbardziej chyba znanym kadrze z tego miasta, na d\u0142ugiej, prostej alei. Widok w przeciwn\u0105 stron\u0119 zamyka wzg\u00f3rze o nazwie widocznej na przedniej tablicy tramwaju, jednak przejrzysto\u015b\u0107 tego dnia nie by\u0142a najlepsza, wi\u0119c nawet si\u0119 nie sili\u0142em na takie uj\u0119cie. 17.03.2017<\/p>\n","protected":false},"author":1,"featured_media":8205,"comment_status":"open","ping_status":"","sticky":false,"template":"","format":"standard","meta":{"footnotes":""},"categories":[368,3],"tags":[1338,1126,1336,1151,1337,23,118,143],"class_list":["post-8204","post","type-post","status-publish","format-standard","has-post-thumbnail","hentry","category-rok-2017","category-tramwaj","tag-2017-03-17","tag-bombardier-flexity-classic","tag-kassel","tag-kassel-2017","tag-kvg-kassel","tag-niemcy","tag-plany-i-profile","tag-ponad-30m"],"_links":{"self":[{"href":"https:\/\/wgphoto.pl\/t\/index.php?rest_route=\/wp\/v2\/posts\/8204","targetHints":{"allow":["GET"]}}],"collection":[{"href":"https:\/\/wgphoto.pl\/t\/index.php?rest_route=\/wp\/v2\/posts"}],"about":[{"href":"https:\/\/wgphoto.pl\/t\/index.php?rest_route=\/wp\/v2\/types\/post"}],"author":[{"embeddable":true,"href":"https:\/\/wgphoto.pl\/t\/index.php?rest_route=\/wp\/v2\/users\/1"}],"replies":[{"embeddable":true,"href":"https:\/\/wgphoto.pl\/t\/index.php?rest_route=%2Fwp%2Fv2%2Fcomments&post=8204"}],"version-history":[{"count":1,"href":"https:\/\/wgphoto.pl\/t\/index.php?rest_route=\/wp\/v2\/posts\/8204\/revisions"}],"predecessor-version":[{"id":8206,"href":"https:\/\/wgphoto.pl\/t\/index.php?rest_route=\/wp\/v2\/posts\/8204\/revisions\/8206"}],"wp:featuredmedia":[{"embeddable":true,"href":"https:\/\/wgphoto.pl\/t\/index.php?rest_route=\/wp\/v2\/media\/8205"}],"wp:attachment":[{"href":"https:\/\/wgphoto.pl\/t\/index.php?rest_route=%2Fwp%2Fv2%2Fmedia&parent=8204"}],"wp:term":[{"taxonomy":"category","embeddable":true,"href":"https:\/\/wgphoto.pl\/t\/index.php?rest_route=%2Fwp%2Fv2%2Fcategories&post=8204"},{"taxonomy":"post_tag","embeddable":true,"href":"https:\/\/wgphoto.pl\/t\/index.php?rest_route=%2Fwp%2Fv2%2Ftags&post=8204"}],"curies":[{"name":"wp","href":"https:\/\/api.w.org\/{rel}","templated":true}]}}