{"id":8207,"date":"2024-12-28T22:18:41","date_gmt":"2024-12-28T21:18:41","guid":{"rendered":"https:\/\/wgphoto.pl\/t\/?p=8207"},"modified":"2025-02-15T12:09:15","modified_gmt":"2025-02-15T11:09:15","slug":"krzyzowanie-w-ledecku","status":"publish","type":"post","link":"https:\/\/wgphoto.pl\/t\/?p=8207","title":{"rendered":"Krzy\u017cowanie w Lede\u010dku"},"content":{"rendered":"\n<figure class=\"wp-block-image aligncenter size-full\"><img loading=\"lazy\" decoding=\"async\" width=\"1300\" height=\"880\" src=\"https:\/\/wgphoto.pl\/t\/wp-content\/uploads\/2024\/12\/IMGP0082.jpg\" alt=\"\" class=\"wp-image-8208\" srcset=\"https:\/\/wgphoto.pl\/t\/wp-content\/uploads\/2024\/12\/IMGP0082.jpg 1300w, https:\/\/wgphoto.pl\/t\/wp-content\/uploads\/2024\/12\/IMGP0082-300x203.jpg 300w, https:\/\/wgphoto.pl\/t\/wp-content\/uploads\/2024\/12\/IMGP0082-768x520.jpg 768w\" sizes=\"auto, (max-width: 1300px) 100vw, 1300px\" \/><\/figure>\n\n\n\n<div class=\"wp-block-group has-global-padding is-layout-constrained wp-block-group-is-layout-constrained\">\n<p>810.500-9 jedzie jako poci\u0105g osobowy 9211 \u010cer\u010dany &#8211; Havl\u00ed\u010dk\u016fv Brod, a 810.305-3 jako 9204 ze Sv\u011btlej nad S\u00e1zavou do \u010cer\u010dan. 14.02.2009<\/p>\n<\/div>\n","protected":false},"excerpt":{"rendered":"<p>810.500-9 jedzie jako poci\u0105g osobowy 9211 \u010cer\u010dany &#8211; Havl\u00ed\u010dk\u016fv Brod, a 810.305-3 jako 9204 ze Sv\u011btlej nad S\u00e1zavou do \u010cer\u010dan. 14.02.2009<\/p>\n","protected":false},"author":1,"featured_media":8208,"comment_status":"open","ping_status":"","sticky":false,"template":"","format":"standard","meta":{"footnotes":""},"categories":[2,169],"tags":[2695,92,50,49,2708,196,44,2707],"class_list":["post-8207","post","type-post","status-publish","format-standard","has-post-thumbnail","hentry","category-kolej","category-rok-2009","tag-2009-02-14","tag-92","tag-cd","tag-czechy","tag-ledecko","tag-linie-raczej-lokalne","tag-snieg","tag-tab-cz212"],"_links":{"self":[{"href":"https:\/\/wgphoto.pl\/t\/index.php?rest_route=\/wp\/v2\/posts\/8207","targetHints":{"allow":["GET"]}}],"collection":[{"href":"https:\/\/wgphoto.pl\/t\/index.php?rest_route=\/wp\/v2\/posts"}],"about":[{"href":"https:\/\/wgphoto.pl\/t\/index.php?rest_route=\/wp\/v2\/types\/post"}],"author":[{"embeddable":true,"href":"https:\/\/wgphoto.pl\/t\/index.php?rest_route=\/wp\/v2\/users\/1"}],"replies":[{"embeddable":true,"href":"https:\/\/wgphoto.pl\/t\/index.php?rest_route=%2Fwp%2Fv2%2Fcomments&post=8207"}],"version-history":[{"count":2,"href":"https:\/\/wgphoto.pl\/t\/index.php?rest_route=\/wp\/v2\/posts\/8207\/revisions"}],"predecessor-version":[{"id":12334,"href":"https:\/\/wgphoto.pl\/t\/index.php?rest_route=\/wp\/v2\/posts\/8207\/revisions\/12334"}],"wp:featuredmedia":[{"embeddable":true,"href":"https:\/\/wgphoto.pl\/t\/index.php?rest_route=\/wp\/v2\/media\/8208"}],"wp:attachment":[{"href":"https:\/\/wgphoto.pl\/t\/index.php?rest_route=%2Fwp%2Fv2%2Fmedia&parent=8207"}],"wp:term":[{"taxonomy":"category","embeddable":true,"href":"https:\/\/wgphoto.pl\/t\/index.php?rest_route=%2Fwp%2Fv2%2Fcategories&post=8207"},{"taxonomy":"post_tag","embeddable":true,"href":"https:\/\/wgphoto.pl\/t\/index.php?rest_route=%2Fwp%2Fv2%2Ftags&post=8207"}],"curies":[{"name":"wp","href":"https:\/\/api.w.org\/{rel}","templated":true}]}}