{"id":8214,"date":"2024-12-29T11:30:43","date_gmt":"2024-12-29T10:30:43","guid":{"rendered":"https:\/\/wgphoto.pl\/t\/?p=8214"},"modified":"2024-12-29T11:30:43","modified_gmt":"2024-12-29T10:30:43","slug":"6-osi-napedowych-do-4-tocznych","status":"publish","type":"post","link":"https:\/\/wgphoto.pl\/t\/?p=8214","title":{"rendered":"6 osi nap\u0119dowych do 4 tocznych"},"content":{"rendered":"\n<figure class=\"wp-block-image aligncenter size-full\"><img loading=\"lazy\" decoding=\"async\" width=\"1300\" height=\"862\" src=\"https:\/\/wgphoto.pl\/t\/wp-content\/uploads\/2024\/12\/0413-25.jpg\" alt=\"\" class=\"wp-image-8215\" srcset=\"https:\/\/wgphoto.pl\/t\/wp-content\/uploads\/2024\/12\/0413-25.jpg 1300w, https:\/\/wgphoto.pl\/t\/wp-content\/uploads\/2024\/12\/0413-25-300x199.jpg 300w, https:\/\/wgphoto.pl\/t\/wp-content\/uploads\/2024\/12\/0413-25-768x509.jpg 768w\" sizes=\"auto, (max-width: 1300px) 100vw, 1300px\" \/><\/figure>\n\n\n\n<div class=\"wp-block-group has-global-padding is-layout-constrained wp-block-group-is-layout-constrained\">\n<p>Bydgoszcz G\u0142\u00f3wna. SU45-034 z CM Bydgoszcz poprowadzi jeden wagon jako ostatni w dobie poci\u0105g osobowy 9029 do Tucholi, kt\u00f3rym wywioz\u0142em si\u0119 na nocleg do Wierzchucina. 19.07.2004<\/p>\n<\/div>\n","protected":false},"excerpt":{"rendered":"<p>Bydgoszcz G\u0142\u00f3wna. SU45-034 z CM Bydgoszcz poprowadzi jeden wagon jako ostatni w dobie poci\u0105g osobowy 9029 do Tucholi, kt\u00f3rym wywioz\u0142em si\u0119 na nocleg do Wierzchucina. 19.07.2004<\/p>\n","protected":false},"author":1,"featured_media":8215,"comment_status":"open","ping_status":"","sticky":false,"template":"","format":"standard","meta":{"footnotes":""},"categories":[62,2,61],"tags":[2095,283,2621,2711,154,63,27,290,793],"class_list":["post-8214","post","type-post","status-publish","format-standard","has-post-thumbnail","hentry","category-analog","category-kolej","category-rok-2004","tag-2004-07-19","tag-bdhpmnu","tag-bydgoszcz","tag-bydgoszcz-glowna","tag-noc","tag-pkp","tag-polska","tag-su45","tag-tab-pl431"],"_links":{"self":[{"href":"https:\/\/wgphoto.pl\/t\/index.php?rest_route=\/wp\/v2\/posts\/8214","targetHints":{"allow":["GET"]}}],"collection":[{"href":"https:\/\/wgphoto.pl\/t\/index.php?rest_route=\/wp\/v2\/posts"}],"about":[{"href":"https:\/\/wgphoto.pl\/t\/index.php?rest_route=\/wp\/v2\/types\/post"}],"author":[{"embeddable":true,"href":"https:\/\/wgphoto.pl\/t\/index.php?rest_route=\/wp\/v2\/users\/1"}],"replies":[{"embeddable":true,"href":"https:\/\/wgphoto.pl\/t\/index.php?rest_route=%2Fwp%2Fv2%2Fcomments&post=8214"}],"version-history":[{"count":1,"href":"https:\/\/wgphoto.pl\/t\/index.php?rest_route=\/wp\/v2\/posts\/8214\/revisions"}],"predecessor-version":[{"id":8216,"href":"https:\/\/wgphoto.pl\/t\/index.php?rest_route=\/wp\/v2\/posts\/8214\/revisions\/8216"}],"wp:featuredmedia":[{"embeddable":true,"href":"https:\/\/wgphoto.pl\/t\/index.php?rest_route=\/wp\/v2\/media\/8215"}],"wp:attachment":[{"href":"https:\/\/wgphoto.pl\/t\/index.php?rest_route=%2Fwp%2Fv2%2Fmedia&parent=8214"}],"wp:term":[{"taxonomy":"category","embeddable":true,"href":"https:\/\/wgphoto.pl\/t\/index.php?rest_route=%2Fwp%2Fv2%2Fcategories&post=8214"},{"taxonomy":"post_tag","embeddable":true,"href":"https:\/\/wgphoto.pl\/t\/index.php?rest_route=%2Fwp%2Fv2%2Ftags&post=8214"}],"curies":[{"name":"wp","href":"https:\/\/api.w.org\/{rel}","templated":true}]}}