{"id":8220,"date":"2024-12-29T11:32:27","date_gmt":"2024-12-29T10:32:27","guid":{"rendered":"https:\/\/wgphoto.pl\/t\/?p=8220"},"modified":"2024-12-29T11:32:27","modified_gmt":"2024-12-29T10:32:27","slug":"kubizm","status":"publish","type":"post","link":"https:\/\/wgphoto.pl\/t\/?p=8220","title":{"rendered":"Kubizm"},"content":{"rendered":"\n<figure class=\"wp-block-image aligncenter size-full\"><img loading=\"lazy\" decoding=\"async\" width=\"1300\" height=\"861\" src=\"https:\/\/wgphoto.pl\/t\/wp-content\/uploads\/2024\/12\/IMGP6123.jpg\" alt=\"\" class=\"wp-image-8221\" srcset=\"https:\/\/wgphoto.pl\/t\/wp-content\/uploads\/2024\/12\/IMGP6123.jpg 1300w, https:\/\/wgphoto.pl\/t\/wp-content\/uploads\/2024\/12\/IMGP6123-300x199.jpg 300w, https:\/\/wgphoto.pl\/t\/wp-content\/uploads\/2024\/12\/IMGP6123-768x509.jpg 768w\" sizes=\"auto, (max-width: 1300px) 100vw, 1300px\" \/><\/figure>\n\n\n\n<div class=\"wp-block-group has-global-padding is-layout-constrained wp-block-group-is-layout-constrained\">\n<p>\u0160koda 15T 9263 mija klasyczny przyk\u0142ad kubizmu w architekturze &#8211; dom stoj\u0105cy przy Wybrze\u017cu Ra\u0161\u00edna w Pradze. Wcze\u015bniej zupe\u0142nie nie zwraca\u0142em uwagi na takie obiekty, ale to w\u0142a\u015bnie w Pradze lubi\u0119, \u017ce przy kilkunastej wizycie wci\u0105\u017c odkrywam co\u015b nowego. 13.11.2021<\/p>\n<\/div>\n","protected":false},"excerpt":{"rendered":"<p>\u0160koda 15T 9263 mija klasyczny przyk\u0142ad kubizmu w architekturze &#8211; dom stoj\u0105cy przy Wybrze\u017cu Ra\u0161\u00edna w Pradze. Wcze\u015bniej zupe\u0142nie nie zwraca\u0142em uwagi na takie obiekty, ale to w\u0142a\u015bnie w Pradze lubi\u0119, \u017ce przy kilkunastej wizycie wci\u0105\u017c odkrywam co\u015b nowego. 13.11.2021<\/p>\n","protected":false},"author":1,"featured_media":8221,"comment_status":"open","ping_status":"","sticky":false,"template":"","format":"standard","meta":{"footnotes":""},"categories":[681,3],"tags":[2164,34,49,1049,52,95],"class_list":["post-8220","post","type-post","status-publish","format-standard","has-post-thumbnail","hentry","category-rok-2021","category-tramwaj","tag-2021-11-13","tag-architektura","tag-czechy","tag-dp-praha","tag-praga","tag-skoda-15t"],"_links":{"self":[{"href":"https:\/\/wgphoto.pl\/t\/index.php?rest_route=\/wp\/v2\/posts\/8220","targetHints":{"allow":["GET"]}}],"collection":[{"href":"https:\/\/wgphoto.pl\/t\/index.php?rest_route=\/wp\/v2\/posts"}],"about":[{"href":"https:\/\/wgphoto.pl\/t\/index.php?rest_route=\/wp\/v2\/types\/post"}],"author":[{"embeddable":true,"href":"https:\/\/wgphoto.pl\/t\/index.php?rest_route=\/wp\/v2\/users\/1"}],"replies":[{"embeddable":true,"href":"https:\/\/wgphoto.pl\/t\/index.php?rest_route=%2Fwp%2Fv2%2Fcomments&post=8220"}],"version-history":[{"count":1,"href":"https:\/\/wgphoto.pl\/t\/index.php?rest_route=\/wp\/v2\/posts\/8220\/revisions"}],"predecessor-version":[{"id":8222,"href":"https:\/\/wgphoto.pl\/t\/index.php?rest_route=\/wp\/v2\/posts\/8220\/revisions\/8222"}],"wp:featuredmedia":[{"embeddable":true,"href":"https:\/\/wgphoto.pl\/t\/index.php?rest_route=\/wp\/v2\/media\/8221"}],"wp:attachment":[{"href":"https:\/\/wgphoto.pl\/t\/index.php?rest_route=%2Fwp%2Fv2%2Fmedia&parent=8220"}],"wp:term":[{"taxonomy":"category","embeddable":true,"href":"https:\/\/wgphoto.pl\/t\/index.php?rest_route=%2Fwp%2Fv2%2Fcategories&post=8220"},{"taxonomy":"post_tag","embeddable":true,"href":"https:\/\/wgphoto.pl\/t\/index.php?rest_route=%2Fwp%2Fv2%2Ftags&post=8220"}],"curies":[{"name":"wp","href":"https:\/\/api.w.org\/{rel}","templated":true}]}}