{"id":8223,"date":"2024-12-29T11:33:16","date_gmt":"2024-12-29T10:33:16","guid":{"rendered":"https:\/\/wgphoto.pl\/t\/?p=8223"},"modified":"2026-04-13T19:07:02","modified_gmt":"2026-04-13T17:07:02","slug":"dinozaury-wiecznie-zywe","status":"publish","type":"post","link":"https:\/\/wgphoto.pl\/t\/?p=8223","title":{"rendered":"Dinozaury wiecznie \u017cywe"},"content":{"rendered":"\n<figure class=\"wp-block-image aligncenter size-full\"><img loading=\"lazy\" decoding=\"async\" width=\"1300\" height=\"861\" src=\"https:\/\/wgphoto.pl\/t\/wp-content\/uploads\/2024\/12\/IMGP6094.jpg\" alt=\"\" class=\"wp-image-8224\" srcset=\"https:\/\/wgphoto.pl\/t\/wp-content\/uploads\/2024\/12\/IMGP6094.jpg 1300w, https:\/\/wgphoto.pl\/t\/wp-content\/uploads\/2024\/12\/IMGP6094-300x199.jpg 300w, https:\/\/wgphoto.pl\/t\/wp-content\/uploads\/2024\/12\/IMGP6094-768x509.jpg 768w\" sizes=\"auto, (max-width: 1300px) 100vw, 1300px\" \/><\/figure>\n\n\n\n<div class=\"wp-block-group has-global-padding is-layout-constrained wp-block-group-is-layout-constrained\">\n<p>Bardotka 749.264-8 odje\u017cd\u017ca ze stacji Praha-Bran\u00edk z weekendowym poci\u0105giem osobowym 9057 relacji Praha hl.n. &#8211; \u010cer\u010dany. To prawdopodobnie ostatni poci\u0105g pasa\u017cerski na sieci, prowadzony planowo maszyn\u0105 tego typu. 13.11.2021<\/p>\n<\/div>\n","protected":false},"excerpt":{"rendered":"<p>Bardotka 749.264-8 odje\u017cd\u017ca ze stacji Praha-Bran\u00edk z weekendowym poci\u0105giem osobowym 9057 relacji Praha hl.n. &#8211; \u010cer\u010dany. To prawdopodobnie ostatni poci\u0105g pasa\u017cerski na sieci, prowadzony planowo maszyn\u0105 tego typu. 13.11.2021<\/p>\n","protected":false},"author":1,"featured_media":8224,"comment_status":"open","ping_status":"","sticky":false,"template":"","format":"standard","meta":{"footnotes":""},"categories":[2,681],"tags":[2164,1058,283,50,49,52,2431,2218],"class_list":["post-8223","post","type-post","status-publish","format-standard","has-post-thumbnail","hentry","category-kolej","category-rok-2021","tag-2021-11-13","tag-1058","tag-bdhpmnu","tag-cd","tag-czechy","tag-praga","tag-praha-branik","tag-tab-cz210"],"_links":{"self":[{"href":"https:\/\/wgphoto.pl\/t\/index.php?rest_route=\/wp\/v2\/posts\/8223","targetHints":{"allow":["GET"]}}],"collection":[{"href":"https:\/\/wgphoto.pl\/t\/index.php?rest_route=\/wp\/v2\/posts"}],"about":[{"href":"https:\/\/wgphoto.pl\/t\/index.php?rest_route=\/wp\/v2\/types\/post"}],"author":[{"embeddable":true,"href":"https:\/\/wgphoto.pl\/t\/index.php?rest_route=\/wp\/v2\/users\/1"}],"replies":[{"embeddable":true,"href":"https:\/\/wgphoto.pl\/t\/index.php?rest_route=%2Fwp%2Fv2%2Fcomments&post=8223"}],"version-history":[{"count":1,"href":"https:\/\/wgphoto.pl\/t\/index.php?rest_route=\/wp\/v2\/posts\/8223\/revisions"}],"predecessor-version":[{"id":8225,"href":"https:\/\/wgphoto.pl\/t\/index.php?rest_route=\/wp\/v2\/posts\/8223\/revisions\/8225"}],"wp:featuredmedia":[{"embeddable":true,"href":"https:\/\/wgphoto.pl\/t\/index.php?rest_route=\/wp\/v2\/media\/8224"}],"wp:attachment":[{"href":"https:\/\/wgphoto.pl\/t\/index.php?rest_route=%2Fwp%2Fv2%2Fmedia&parent=8223"}],"wp:term":[{"taxonomy":"category","embeddable":true,"href":"https:\/\/wgphoto.pl\/t\/index.php?rest_route=%2Fwp%2Fv2%2Fcategories&post=8223"},{"taxonomy":"post_tag","embeddable":true,"href":"https:\/\/wgphoto.pl\/t\/index.php?rest_route=%2Fwp%2Fv2%2Ftags&post=8223"}],"curies":[{"name":"wp","href":"https:\/\/api.w.org\/{rel}","templated":true}]}}