{"id":8229,"date":"2024-12-29T11:35:43","date_gmt":"2024-12-29T10:35:43","guid":{"rendered":"https:\/\/wgphoto.pl\/t\/?p=8229"},"modified":"2024-12-29T11:35:43","modified_gmt":"2024-12-29T10:35:43","slug":"538-rano","status":"publish","type":"post","link":"https:\/\/wgphoto.pl\/t\/?p=8229","title":{"rendered":"5:38 rano"},"content":{"rendered":"\n<figure class=\"wp-block-image aligncenter size-full\"><img loading=\"lazy\" decoding=\"async\" width=\"1300\" height=\"862\" src=\"https:\/\/wgphoto.pl\/t\/wp-content\/uploads\/2024\/12\/0317-23.jpg\" alt=\"\" class=\"wp-image-8230\" srcset=\"https:\/\/wgphoto.pl\/t\/wp-content\/uploads\/2024\/12\/0317-23.jpg 1300w, https:\/\/wgphoto.pl\/t\/wp-content\/uploads\/2024\/12\/0317-23-300x199.jpg 300w, https:\/\/wgphoto.pl\/t\/wp-content\/uploads\/2024\/12\/0317-23-768x509.jpg 768w\" sizes=\"auto, (max-width: 1300px) 100vw, 1300px\" \/><\/figure>\n\n\n\n<div class=\"wp-block-group has-global-padding is-layout-constrained wp-block-group-is-layout-constrained\">\n<p>Wroc\u0142aw, zjazd z mostu Grunwaldzkiego na plac Grunwaldzki, 102Na 2031 tego sobotniego poranka wykonuje sw\u00f3j ostatni kurs na nocnej linii 35 (Tarnogaj &#8211; Biskupin, tak jak dawna dzienna dw\u00f3jka). 28.06.2003<\/p>\n<\/div>\n","protected":false},"excerpt":{"rendered":"<p>Wroc\u0142aw, zjazd z mostu Grunwaldzkiego na plac Grunwaldzki, 102Na 2031 tego sobotniego poranka wykonuje sw\u00f3j ostatni kurs na nocnej linii 35 (Tarnogaj &#8211; Biskupin, tak jak dawna dzienna dw\u00f3jka). 28.06.2003<\/p>\n","protected":false},"author":1,"featured_media":8230,"comment_status":"open","ping_status":"","sticky":false,"template":"","format":"standard","meta":{"footnotes":""},"categories":[62,149,3],"tags":[2713,309,45,42,27,176,41,846],"class_list":["post-8229","post","type-post","status-publish","format-standard","has-post-thumbnail","hentry","category-analog","category-rok-2003","category-tramwaj","tag-2003-06-28","tag-konstal-102na","tag-most","tag-mpk-wroclaw","tag-polska","tag-rano","tag-wroclaw","tag-wroclawskie-linie-nocne"],"_links":{"self":[{"href":"https:\/\/wgphoto.pl\/t\/index.php?rest_route=\/wp\/v2\/posts\/8229","targetHints":{"allow":["GET"]}}],"collection":[{"href":"https:\/\/wgphoto.pl\/t\/index.php?rest_route=\/wp\/v2\/posts"}],"about":[{"href":"https:\/\/wgphoto.pl\/t\/index.php?rest_route=\/wp\/v2\/types\/post"}],"author":[{"embeddable":true,"href":"https:\/\/wgphoto.pl\/t\/index.php?rest_route=\/wp\/v2\/users\/1"}],"replies":[{"embeddable":true,"href":"https:\/\/wgphoto.pl\/t\/index.php?rest_route=%2Fwp%2Fv2%2Fcomments&post=8229"}],"version-history":[{"count":1,"href":"https:\/\/wgphoto.pl\/t\/index.php?rest_route=\/wp\/v2\/posts\/8229\/revisions"}],"predecessor-version":[{"id":8231,"href":"https:\/\/wgphoto.pl\/t\/index.php?rest_route=\/wp\/v2\/posts\/8229\/revisions\/8231"}],"wp:featuredmedia":[{"embeddable":true,"href":"https:\/\/wgphoto.pl\/t\/index.php?rest_route=\/wp\/v2\/media\/8230"}],"wp:attachment":[{"href":"https:\/\/wgphoto.pl\/t\/index.php?rest_route=%2Fwp%2Fv2%2Fmedia&parent=8229"}],"wp:term":[{"taxonomy":"category","embeddable":true,"href":"https:\/\/wgphoto.pl\/t\/index.php?rest_route=%2Fwp%2Fv2%2Fcategories&post=8229"},{"taxonomy":"post_tag","embeddable":true,"href":"https:\/\/wgphoto.pl\/t\/index.php?rest_route=%2Fwp%2Fv2%2Ftags&post=8229"}],"curies":[{"name":"wp","href":"https:\/\/api.w.org\/{rel}","templated":true}]}}