{"id":823,"date":"2024-09-30T21:35:59","date_gmt":"2024-09-30T19:35:59","guid":{"rendered":"https:\/\/wgphoto.pl\/t\/?p=823"},"modified":"2024-09-30T21:36:33","modified_gmt":"2024-09-30T19:36:33","slug":"823","status":"publish","type":"post","link":"https:\/\/wgphoto.pl\/t\/?p=823","title":{"rendered":"Przyja\u017a\u0144 polsko-czechos\u0142owacka"},"content":{"rendered":"\n<figure class=\"wp-block-image aligncenter size-full\"><img loading=\"lazy\" decoding=\"async\" width=\"1300\" height=\"870\" src=\"https:\/\/wgphoto.pl\/t\/wp-content\/uploads\/2024\/09\/IMGP9494.jpg\" alt=\"\" class=\"wp-image-824\" srcset=\"https:\/\/wgphoto.pl\/t\/wp-content\/uploads\/2024\/09\/IMGP9494.jpg 1300w, https:\/\/wgphoto.pl\/t\/wp-content\/uploads\/2024\/09\/IMGP9494-300x201.jpg 300w, https:\/\/wgphoto.pl\/t\/wp-content\/uploads\/2024\/09\/IMGP9494-768x514.jpg 768w\" sizes=\"auto, (max-width: 1300px) 100vw, 1300px\" \/><\/figure>\n\n\n\n<div class=\"wp-block-group has-global-padding is-layout-constrained wp-block-group-is-layout-constrained\">\n<p>Kyn\u0161perk nad Oh\u0159\u00ed. 242.208-7 z poc. osob. 7012 z Kl\u00e1\u0161terce nad Oh\u0159\u00ed do Chebu zatrzymuje si\u0119 przy peronie jednej z wielu stacji na magistrali podrudawskiej (<em>czes.<\/em> podkru\u0161nohorsk\u00e9j). [2009-09-09]<\/p>\n<\/div>\n","protected":false},"excerpt":{"rendered":"<p>Kyn\u0161perk nad Oh\u0159\u00ed. 242.208-7 z poc. osob. 7012 z Kl\u00e1\u0161terce nad Oh\u0159\u00ed do Chebu zatrzymuje si\u0119 przy peronie jednej z wielu stacji na magistrali podrudawskiej (czes. podkru\u0161nohorsk\u00e9j). [2009-09-09]<\/p>\n","protected":false},"author":1,"featured_media":824,"comment_status":"open","ping_status":"","sticky":false,"template":"","format":"standard","meta":{"footnotes":""},"categories":[2,169],"tags":[419,305,418,50,49,417,421],"class_list":["post-823","post","type-post","status-publish","format-standard","has-post-thumbnail","hentry","category-kolej","category-rok-2009","tag-2009-09-09","tag-305","tag-auto","tag-cd","tag-czechy","tag-kynsperk-nad-ohri","tag-tab-cz140"],"_links":{"self":[{"href":"https:\/\/wgphoto.pl\/t\/index.php?rest_route=\/wp\/v2\/posts\/823","targetHints":{"allow":["GET"]}}],"collection":[{"href":"https:\/\/wgphoto.pl\/t\/index.php?rest_route=\/wp\/v2\/posts"}],"about":[{"href":"https:\/\/wgphoto.pl\/t\/index.php?rest_route=\/wp\/v2\/types\/post"}],"author":[{"embeddable":true,"href":"https:\/\/wgphoto.pl\/t\/index.php?rest_route=\/wp\/v2\/users\/1"}],"replies":[{"embeddable":true,"href":"https:\/\/wgphoto.pl\/t\/index.php?rest_route=%2Fwp%2Fv2%2Fcomments&post=823"}],"version-history":[{"count":2,"href":"https:\/\/wgphoto.pl\/t\/index.php?rest_route=\/wp\/v2\/posts\/823\/revisions"}],"predecessor-version":[{"id":826,"href":"https:\/\/wgphoto.pl\/t\/index.php?rest_route=\/wp\/v2\/posts\/823\/revisions\/826"}],"wp:featuredmedia":[{"embeddable":true,"href":"https:\/\/wgphoto.pl\/t\/index.php?rest_route=\/wp\/v2\/media\/824"}],"wp:attachment":[{"href":"https:\/\/wgphoto.pl\/t\/index.php?rest_route=%2Fwp%2Fv2%2Fmedia&parent=823"}],"wp:term":[{"taxonomy":"category","embeddable":true,"href":"https:\/\/wgphoto.pl\/t\/index.php?rest_route=%2Fwp%2Fv2%2Fcategories&post=823"},{"taxonomy":"post_tag","embeddable":true,"href":"https:\/\/wgphoto.pl\/t\/index.php?rest_route=%2Fwp%2Fv2%2Ftags&post=823"}],"curies":[{"name":"wp","href":"https:\/\/api.w.org\/{rel}","templated":true}]}}