{"id":8232,"date":"2024-12-29T11:36:36","date_gmt":"2024-12-29T10:36:36","guid":{"rendered":"https:\/\/wgphoto.pl\/t\/?p=8232"},"modified":"2024-12-29T11:36:36","modified_gmt":"2024-12-29T10:36:36","slug":"et22-1145-nad-wisla","status":"publish","type":"post","link":"https:\/\/wgphoto.pl\/t\/?p=8232","title":{"rendered":"ET22-1145 nad Wis\u0142\u0105"},"content":{"rendered":"\n<figure class=\"wp-block-image aligncenter size-full\"><img loading=\"lazy\" decoding=\"async\" width=\"1300\" height=\"862\" src=\"https:\/\/wgphoto.pl\/t\/wp-content\/uploads\/2024\/12\/0322-14.jpg\" alt=\"\" class=\"wp-image-8233\" srcset=\"https:\/\/wgphoto.pl\/t\/wp-content\/uploads\/2024\/12\/0322-14.jpg 1300w, https:\/\/wgphoto.pl\/t\/wp-content\/uploads\/2024\/12\/0322-14-300x199.jpg 300w, https:\/\/wgphoto.pl\/t\/wp-content\/uploads\/2024\/12\/0322-14-768x509.jpg 768w\" sizes=\"auto, (max-width: 1300px) 100vw, 1300px\" \/><\/figure>\n\n\n\n<div class=\"wp-block-group has-global-padding is-layout-constrained wp-block-group-is-layout-constrained\">\n<p>ET22-1145 z CM Lublin z mieszanym sk\u0142adem towarowym przeje\u017cd\u017ca nad Wis\u0142\u0105 na szlaku Podg. Wis\u0142a &#8211; Zajezierze k. D\u0119blina. 14.07.2003<\/p>\n<\/div>\n","protected":false},"excerpt":{"rendered":"<p>ET22-1145 z CM Lublin z mieszanym sk\u0142adem towarowym przeje\u017cd\u017ca nad Wis\u0142\u0105 na szlaku Podg. Wis\u0142a &#8211; Zajezierze k. D\u0119blina. 14.07.2003<\/p>\n","protected":false},"author":1,"featured_media":8233,"comment_status":"open","ping_status":"","sticky":false,"template":"","format":"standard","meta":{"footnotes":""},"categories":[62,2,149],"tags":[2716,26,45,63,2715,27,2717,2714],"class_list":["post-8232","post","type-post","status-publish","format-standard","has-post-thumbnail","hentry","category-analog","category-kolej","category-rok-2003","tag-2003-07-14","tag-et22","tag-most","tag-pkp","tag-podg-wisla","tag-polska","tag-tab-pl111","tag-zajezierze-kolo-deblina"],"_links":{"self":[{"href":"https:\/\/wgphoto.pl\/t\/index.php?rest_route=\/wp\/v2\/posts\/8232","targetHints":{"allow":["GET"]}}],"collection":[{"href":"https:\/\/wgphoto.pl\/t\/index.php?rest_route=\/wp\/v2\/posts"}],"about":[{"href":"https:\/\/wgphoto.pl\/t\/index.php?rest_route=\/wp\/v2\/types\/post"}],"author":[{"embeddable":true,"href":"https:\/\/wgphoto.pl\/t\/index.php?rest_route=\/wp\/v2\/users\/1"}],"replies":[{"embeddable":true,"href":"https:\/\/wgphoto.pl\/t\/index.php?rest_route=%2Fwp%2Fv2%2Fcomments&post=8232"}],"version-history":[{"count":1,"href":"https:\/\/wgphoto.pl\/t\/index.php?rest_route=\/wp\/v2\/posts\/8232\/revisions"}],"predecessor-version":[{"id":8234,"href":"https:\/\/wgphoto.pl\/t\/index.php?rest_route=\/wp\/v2\/posts\/8232\/revisions\/8234"}],"wp:featuredmedia":[{"embeddable":true,"href":"https:\/\/wgphoto.pl\/t\/index.php?rest_route=\/wp\/v2\/media\/8233"}],"wp:attachment":[{"href":"https:\/\/wgphoto.pl\/t\/index.php?rest_route=%2Fwp%2Fv2%2Fmedia&parent=8232"}],"wp:term":[{"taxonomy":"category","embeddable":true,"href":"https:\/\/wgphoto.pl\/t\/index.php?rest_route=%2Fwp%2Fv2%2Fcategories&post=8232"},{"taxonomy":"post_tag","embeddable":true,"href":"https:\/\/wgphoto.pl\/t\/index.php?rest_route=%2Fwp%2Fv2%2Ftags&post=8232"}],"curies":[{"name":"wp","href":"https:\/\/api.w.org\/{rel}","templated":true}]}}