{"id":8251,"date":"2024-12-29T12:01:02","date_gmt":"2024-12-29T11:01:02","guid":{"rendered":"https:\/\/wgphoto.pl\/t\/?p=8251"},"modified":"2024-12-29T12:01:02","modified_gmt":"2024-12-29T11:01:02","slug":"eu07-009-wroclaw-nadodrze","status":"publish","type":"post","link":"https:\/\/wgphoto.pl\/t\/?p=8251","title":{"rendered":"EU07-009, Wroc\u0142aw Nadodrze"},"content":{"rendered":"\n<figure class=\"wp-block-image aligncenter size-full\"><img loading=\"lazy\" decoding=\"async\" width=\"1300\" height=\"862\" src=\"https:\/\/wgphoto.pl\/t\/wp-content\/uploads\/2024\/12\/0337-34.jpg\" alt=\"\" class=\"wp-image-8252\" srcset=\"https:\/\/wgphoto.pl\/t\/wp-content\/uploads\/2024\/12\/0337-34.jpg 1300w, https:\/\/wgphoto.pl\/t\/wp-content\/uploads\/2024\/12\/0337-34-300x199.jpg 300w, https:\/\/wgphoto.pl\/t\/wp-content\/uploads\/2024\/12\/0337-34-768x509.jpg 768w\" sizes=\"auto, (max-width: 1300px) 100vw, 1300px\" \/><\/figure>\n\n\n\n<div class=\"wp-block-group has-global-padding is-layout-constrained wp-block-group-is-layout-constrained\">\n<p>Pozna\u0144ska si\u00f3demka z poci\u0105giem pospiesznym 67106 &#8222;W\u0142okniarz&#8221; z Wroc\u0142awia G\u0142\u00f3wnego do \u0141odzi Kaliskiej w czasie kr\u00f3tkiego postoju na stacji Wroc\u0142aw Nadodrze. 10.11.2003<\/p>\n<\/div>\n","protected":false},"excerpt":{"rendered":"<p>Pozna\u0144ska si\u00f3demka z poci\u0105giem pospiesznym 67106 &#8222;W\u0142okniarz&#8221; z Wroc\u0142awia G\u0142\u00f3wnego do \u0141odzi Kaliskiej w czasie kr\u00f3tkiego postoju na stacji Wroc\u0142aw Nadodrze. 10.11.2003<\/p>\n","protected":false},"author":1,"featured_media":8252,"comment_status":"open","ping_status":"","sticky":false,"template":"","format":"standard","meta":{"footnotes":""},"categories":[62,2,149],"tags":[2721,122,154,63,27,246,41,245],"class_list":["post-8251","post","type-post","status-publish","format-standard","has-post-thumbnail","hentry","category-analog","category-kolej","category-rok-2003","tag-2003-11-10","tag-eu07","tag-noc","tag-pkp","tag-polska","tag-tab-pl200","tag-wroclaw","tag-wroclaw-nadodrze"],"_links":{"self":[{"href":"https:\/\/wgphoto.pl\/t\/index.php?rest_route=\/wp\/v2\/posts\/8251","targetHints":{"allow":["GET"]}}],"collection":[{"href":"https:\/\/wgphoto.pl\/t\/index.php?rest_route=\/wp\/v2\/posts"}],"about":[{"href":"https:\/\/wgphoto.pl\/t\/index.php?rest_route=\/wp\/v2\/types\/post"}],"author":[{"embeddable":true,"href":"https:\/\/wgphoto.pl\/t\/index.php?rest_route=\/wp\/v2\/users\/1"}],"replies":[{"embeddable":true,"href":"https:\/\/wgphoto.pl\/t\/index.php?rest_route=%2Fwp%2Fv2%2Fcomments&post=8251"}],"version-history":[{"count":1,"href":"https:\/\/wgphoto.pl\/t\/index.php?rest_route=\/wp\/v2\/posts\/8251\/revisions"}],"predecessor-version":[{"id":8253,"href":"https:\/\/wgphoto.pl\/t\/index.php?rest_route=\/wp\/v2\/posts\/8251\/revisions\/8253"}],"wp:featuredmedia":[{"embeddable":true,"href":"https:\/\/wgphoto.pl\/t\/index.php?rest_route=\/wp\/v2\/media\/8252"}],"wp:attachment":[{"href":"https:\/\/wgphoto.pl\/t\/index.php?rest_route=%2Fwp%2Fv2%2Fmedia&parent=8251"}],"wp:term":[{"taxonomy":"category","embeddable":true,"href":"https:\/\/wgphoto.pl\/t\/index.php?rest_route=%2Fwp%2Fv2%2Fcategories&post=8251"},{"taxonomy":"post_tag","embeddable":true,"href":"https:\/\/wgphoto.pl\/t\/index.php?rest_route=%2Fwp%2Fv2%2Ftags&post=8251"}],"curies":[{"name":"wp","href":"https:\/\/api.w.org\/{rel}","templated":true}]}}