{"id":8285,"date":"2024-12-30T15:24:54","date_gmt":"2024-12-30T14:24:54","guid":{"rendered":"https:\/\/wgphoto.pl\/t\/?p=8285"},"modified":"2024-12-30T15:24:54","modified_gmt":"2024-12-30T14:24:54","slug":"ep08-008-pod-katedra","status":"publish","type":"post","link":"https:\/\/wgphoto.pl\/t\/?p=8285","title":{"rendered":"EP08-008 pod katedr\u0105"},"content":{"rendered":"\n<figure class=\"wp-block-image aligncenter size-full\"><img loading=\"lazy\" decoding=\"async\" width=\"1300\" height=\"862\" src=\"https:\/\/wgphoto.pl\/t\/wp-content\/uploads\/2024\/12\/0504-03.jpg\" alt=\"\" class=\"wp-image-8286\" srcset=\"https:\/\/wgphoto.pl\/t\/wp-content\/uploads\/2024\/12\/0504-03.jpg 1300w, https:\/\/wgphoto.pl\/t\/wp-content\/uploads\/2024\/12\/0504-03-300x199.jpg 300w, https:\/\/wgphoto.pl\/t\/wp-content\/uploads\/2024\/12\/0504-03-768x509.jpg 768w\" sizes=\"auto, (max-width: 1300px) 100vw, 1300px\" \/><\/figure>\n\n\n\n<div class=\"wp-block-group has-global-padding is-layout-constrained wp-block-group-is-layout-constrained\">\n<p>Pozna\u0144 Garbary &#8211; Pozna\u0144 Wsch\u00f3d, EP08-008 z poci\u0105giem Inter Region 8210 &#8222;Ga\u0142czy\u0144ski&#8221; relacji Szczecin G\u0142. &#8211; Lublin. Po lewej wida\u0107 wie\u017ce pozna\u0144skiej katedry. 24.02.2005<\/p>\n<\/div>\n","protected":false},"excerpt":{"rendered":"<p>Pozna\u0144 Garbary &#8211; Pozna\u0144 Wsch\u00f3d, EP08-008 z poci\u0105giem Inter Region 8210 &#8222;Ga\u0142czy\u0144ski&#8221; relacji Szczecin G\u0142. &#8211; Lublin. Po lewej wida\u0107 wie\u017ce pozna\u0144skiej katedry. 24.02.2005<\/p>\n","protected":false},"author":1,"featured_media":8286,"comment_status":"open","ping_status":"","sticky":false,"template":"","format":"standard","meta":{"footnotes":""},"categories":[62,2,311],"tags":[2734,225,63,27,235,2733,2732,44,491],"class_list":["post-8285","post","type-post","status-publish","format-standard","has-post-thumbnail","hentry","category-analog","category-kolej","category-rok-2005","tag-2005-02-24","tag-ep08","tag-pkp","tag-polska","tag-poznan","tag-poznan-garbary","tag-poznan-wschod","tag-snieg","tag-tab-pl300"],"_links":{"self":[{"href":"https:\/\/wgphoto.pl\/t\/index.php?rest_route=\/wp\/v2\/posts\/8285","targetHints":{"allow":["GET"]}}],"collection":[{"href":"https:\/\/wgphoto.pl\/t\/index.php?rest_route=\/wp\/v2\/posts"}],"about":[{"href":"https:\/\/wgphoto.pl\/t\/index.php?rest_route=\/wp\/v2\/types\/post"}],"author":[{"embeddable":true,"href":"https:\/\/wgphoto.pl\/t\/index.php?rest_route=\/wp\/v2\/users\/1"}],"replies":[{"embeddable":true,"href":"https:\/\/wgphoto.pl\/t\/index.php?rest_route=%2Fwp%2Fv2%2Fcomments&post=8285"}],"version-history":[{"count":1,"href":"https:\/\/wgphoto.pl\/t\/index.php?rest_route=\/wp\/v2\/posts\/8285\/revisions"}],"predecessor-version":[{"id":8287,"href":"https:\/\/wgphoto.pl\/t\/index.php?rest_route=\/wp\/v2\/posts\/8285\/revisions\/8287"}],"wp:featuredmedia":[{"embeddable":true,"href":"https:\/\/wgphoto.pl\/t\/index.php?rest_route=\/wp\/v2\/media\/8286"}],"wp:attachment":[{"href":"https:\/\/wgphoto.pl\/t\/index.php?rest_route=%2Fwp%2Fv2%2Fmedia&parent=8285"}],"wp:term":[{"taxonomy":"category","embeddable":true,"href":"https:\/\/wgphoto.pl\/t\/index.php?rest_route=%2Fwp%2Fv2%2Fcategories&post=8285"},{"taxonomy":"post_tag","embeddable":true,"href":"https:\/\/wgphoto.pl\/t\/index.php?rest_route=%2Fwp%2Fv2%2Ftags&post=8285"}],"curies":[{"name":"wp","href":"https:\/\/api.w.org\/{rel}","templated":true}]}}