{"id":8288,"date":"2024-12-30T15:25:52","date_gmt":"2024-12-30T14:25:52","guid":{"rendered":"https:\/\/wgphoto.pl\/t\/?p=8288"},"modified":"2024-12-30T15:25:52","modified_gmt":"2024-12-30T14:25:52","slug":"helmut-u-jana-chrzciciela","status":"publish","type":"post","link":"https:\/\/wgphoto.pl\/t\/?p=8288","title":{"rendered":"Helmut u Jana Chrzciciela"},"content":{"rendered":"\n<figure class=\"wp-block-image aligncenter size-full\"><img loading=\"lazy\" decoding=\"async\" width=\"1300\" height=\"861\" src=\"https:\/\/wgphoto.pl\/t\/wp-content\/uploads\/2024\/12\/IMGP5871.jpg\" alt=\"\" class=\"wp-image-8289\" srcset=\"https:\/\/wgphoto.pl\/t\/wp-content\/uploads\/2024\/12\/IMGP5871.jpg 1300w, https:\/\/wgphoto.pl\/t\/wp-content\/uploads\/2024\/12\/IMGP5871-300x199.jpg 300w, https:\/\/wgphoto.pl\/t\/wp-content\/uploads\/2024\/12\/IMGP5871-768x509.jpg 768w\" sizes=\"auto, (max-width: 1300px) 100vw, 1300px\" \/><\/figure>\n\n\n\n<div class=\"wp-block-group has-global-padding is-layout-constrained wp-block-group-is-layout-constrained\">\n<p>Ga\u0142acz, Strada O\u021belarilor. Duewag ZGT6 1251 (ex-Rotterdam) niedawno odjecha\u0142 z pocz\u0105tkowego przystanku na osiedlu Micro 19 (a konkretniej z ronda na granicy Micro 19, Micro 20 i Micro 21 \ud83d\ude09 ) i mija cerkiew pw. \u015aw. Jana Chrzciciela, na kt\u00f3rego po rumu\u0144sku m\u00f3wi\u0105 Sf. Ioan Botez\u0103torul. \u015awi\u0105tyni\u0119 wie\u0144cz\u0105 charakterystyczne dla Rumunii wie\u017cyczki. 18.10.2019<\/p>\n<\/div>\n","protected":false},"excerpt":{"rendered":"<p>Ga\u0142acz, Strada O\u021belarilor. Duewag ZGT6 1251 (ex-Rotterdam) niedawno odjecha\u0142 z pocz\u0105tkowego przystanku na osiedlu Micro 19 (a konkretniej z ronda na granicy Micro 19, Micro 20 i Micro 21 \ud83d\ude09 ) i mija cerkiew pw. \u015aw. Jana Chrzciciela, na kt\u00f3rego po rumu\u0144sku m\u00f3wi\u0105 Sf. Ioan Botez\u0103torul. \u015awi\u0105tyni\u0119 wie\u0144cz\u0105 charakterystyczne dla Rumunii wie\u017cyczki. 18.10.2019<\/p>\n","protected":false},"author":1,"featured_media":8289,"comment_status":"open","ping_status":"","sticky":false,"template":"","format":"standard","meta":{"footnotes":""},"categories":[136,3],"tags":[963,964,101,126,574,962,575],"class_list":["post-8288","post","type-post","status-publish","format-standard","has-post-thumbnail","hentry","category-rok-2019","category-tramwaj","tag-2019-10-18","tag-galacz","tag-gt6","tag-jesien","tag-rumunia","tag-transurb-galati","tag-wakacje-2019"],"_links":{"self":[{"href":"https:\/\/wgphoto.pl\/t\/index.php?rest_route=\/wp\/v2\/posts\/8288","targetHints":{"allow":["GET"]}}],"collection":[{"href":"https:\/\/wgphoto.pl\/t\/index.php?rest_route=\/wp\/v2\/posts"}],"about":[{"href":"https:\/\/wgphoto.pl\/t\/index.php?rest_route=\/wp\/v2\/types\/post"}],"author":[{"embeddable":true,"href":"https:\/\/wgphoto.pl\/t\/index.php?rest_route=\/wp\/v2\/users\/1"}],"replies":[{"embeddable":true,"href":"https:\/\/wgphoto.pl\/t\/index.php?rest_route=%2Fwp%2Fv2%2Fcomments&post=8288"}],"version-history":[{"count":1,"href":"https:\/\/wgphoto.pl\/t\/index.php?rest_route=\/wp\/v2\/posts\/8288\/revisions"}],"predecessor-version":[{"id":8290,"href":"https:\/\/wgphoto.pl\/t\/index.php?rest_route=\/wp\/v2\/posts\/8288\/revisions\/8290"}],"wp:featuredmedia":[{"embeddable":true,"href":"https:\/\/wgphoto.pl\/t\/index.php?rest_route=\/wp\/v2\/media\/8289"}],"wp:attachment":[{"href":"https:\/\/wgphoto.pl\/t\/index.php?rest_route=%2Fwp%2Fv2%2Fmedia&parent=8288"}],"wp:term":[{"taxonomy":"category","embeddable":true,"href":"https:\/\/wgphoto.pl\/t\/index.php?rest_route=%2Fwp%2Fv2%2Fcategories&post=8288"},{"taxonomy":"post_tag","embeddable":true,"href":"https:\/\/wgphoto.pl\/t\/index.php?rest_route=%2Fwp%2Fv2%2Ftags&post=8288"}],"curies":[{"name":"wp","href":"https:\/\/api.w.org\/{rel}","templated":true}]}}