{"id":8319,"date":"2024-12-30T15:35:53","date_gmt":"2024-12-30T14:35:53","guid":{"rendered":"https:\/\/wgphoto.pl\/t\/?p=8319"},"modified":"2024-12-30T15:35:53","modified_gmt":"2024-12-30T14:35:53","slug":"eu07-134","status":"publish","type":"post","link":"https:\/\/wgphoto.pl\/t\/?p=8319","title":{"rendered":"EU07-134"},"content":{"rendered":"\n<figure class=\"wp-block-image aligncenter size-full\"><img loading=\"lazy\" decoding=\"async\" width=\"1300\" height=\"862\" src=\"https:\/\/wgphoto.pl\/t\/wp-content\/uploads\/2024\/12\/2002v-22.jpg\" alt=\"\" class=\"wp-image-8320\" srcset=\"https:\/\/wgphoto.pl\/t\/wp-content\/uploads\/2024\/12\/2002v-22.jpg 1300w, https:\/\/wgphoto.pl\/t\/wp-content\/uploads\/2024\/12\/2002v-22-300x199.jpg 300w, https:\/\/wgphoto.pl\/t\/wp-content\/uploads\/2024\/12\/2002v-22-768x509.jpg 768w\" sizes=\"auto, (max-width: 1300px) 100vw, 1300px\" \/><\/figure>\n\n\n\n<div class=\"wp-block-group has-global-padding is-layout-constrained wp-block-group-is-layout-constrained\">\n<p>EU07-134 z CM \u0141\u00f3d\u017a z poci\u0105giem osobowym 315 do K\u0142odzka G\u0142. przed chwil\u0105 ruszy\u0142a z Wroc\u0142awia G\u0142\u00f3wnego. 14.09.2002<\/p>\n<\/div>\n","protected":false},"excerpt":{"rendered":"<p>EU07-134 z CM \u0141\u00f3d\u017a z poci\u0105giem osobowym 315 do K\u0142odzka G\u0142. przed chwil\u0105 ruszy\u0142a z Wroc\u0142awia G\u0142\u00f3wnego. 14.09.2002<\/p>\n","protected":false},"author":1,"featured_media":8320,"comment_status":"open","ping_status":"","sticky":false,"template":"","format":"standard","meta":{"footnotes":""},"categories":[62,2,577],"tags":[2737,288,122,63,27,383,41,180],"class_list":["post-8319","post","type-post","status-publish","format-standard","has-post-thumbnail","hentry","category-analog","category-kolej","category-rok-2002","tag-2002-09-14","tag-bipa","tag-eu07","tag-pkp","tag-polska","tag-tab-pl230","tag-wroclaw","tag-wroclaw-glowny"],"_links":{"self":[{"href":"https:\/\/wgphoto.pl\/t\/index.php?rest_route=\/wp\/v2\/posts\/8319","targetHints":{"allow":["GET"]}}],"collection":[{"href":"https:\/\/wgphoto.pl\/t\/index.php?rest_route=\/wp\/v2\/posts"}],"about":[{"href":"https:\/\/wgphoto.pl\/t\/index.php?rest_route=\/wp\/v2\/types\/post"}],"author":[{"embeddable":true,"href":"https:\/\/wgphoto.pl\/t\/index.php?rest_route=\/wp\/v2\/users\/1"}],"replies":[{"embeddable":true,"href":"https:\/\/wgphoto.pl\/t\/index.php?rest_route=%2Fwp%2Fv2%2Fcomments&post=8319"}],"version-history":[{"count":1,"href":"https:\/\/wgphoto.pl\/t\/index.php?rest_route=\/wp\/v2\/posts\/8319\/revisions"}],"predecessor-version":[{"id":8321,"href":"https:\/\/wgphoto.pl\/t\/index.php?rest_route=\/wp\/v2\/posts\/8319\/revisions\/8321"}],"wp:featuredmedia":[{"embeddable":true,"href":"https:\/\/wgphoto.pl\/t\/index.php?rest_route=\/wp\/v2\/media\/8320"}],"wp:attachment":[{"href":"https:\/\/wgphoto.pl\/t\/index.php?rest_route=%2Fwp%2Fv2%2Fmedia&parent=8319"}],"wp:term":[{"taxonomy":"category","embeddable":true,"href":"https:\/\/wgphoto.pl\/t\/index.php?rest_route=%2Fwp%2Fv2%2Fcategories&post=8319"},{"taxonomy":"post_tag","embeddable":true,"href":"https:\/\/wgphoto.pl\/t\/index.php?rest_route=%2Fwp%2Fv2%2Ftags&post=8319"}],"curies":[{"name":"wp","href":"https:\/\/api.w.org\/{rel}","templated":true}]}}