{"id":8346,"date":"2024-12-30T22:39:14","date_gmt":"2024-12-30T21:39:14","guid":{"rendered":"https:\/\/wgphoto.pl\/t\/?p=8346"},"modified":"2024-12-30T22:39:14","modified_gmt":"2024-12-30T21:39:14","slug":"rogozno-pomorskie","status":"publish","type":"post","link":"https:\/\/wgphoto.pl\/t\/?p=8346","title":{"rendered":"Rog\u00f3\u017ano Pomorskie"},"content":{"rendered":"\n<figure class=\"wp-block-image aligncenter size-full\"><img loading=\"lazy\" decoding=\"async\" width=\"1300\" height=\"862\" src=\"https:\/\/wgphoto.pl\/t\/wp-content\/uploads\/2024\/12\/0519-23.jpg\" alt=\"\" class=\"wp-image-8347\" srcset=\"https:\/\/wgphoto.pl\/t\/wp-content\/uploads\/2024\/12\/0519-23.jpg 1300w, https:\/\/wgphoto.pl\/t\/wp-content\/uploads\/2024\/12\/0519-23-300x199.jpg 300w, https:\/\/wgphoto.pl\/t\/wp-content\/uploads\/2024\/12\/0519-23-768x509.jpg 768w\" sizes=\"auto, (max-width: 1300px) 100vw, 1300px\" \/><\/figure>\n\n\n\n<div class=\"wp-block-group has-global-padding is-layout-constrained wp-block-group-is-layout-constrained\">\n<p>SU45-168 z poci\u0105giem osobowym 55422 relacji Kwidzyn &#8211; Toru\u0144 G\u0142. wje\u017cd\u017ca do Rog\u00f3\u017ana, gdzie na krzy\u017cowanie czeka ju\u017c przyspieszona &#8222;Liwa&#8221; (nr 55321) z Grudzi\u0105dza do Gdyni, prowadzona maszyn\u0105 SU45-034. 28.07.2005<\/p>\n<\/div>\n","protected":false},"excerpt":{"rendered":"<p>SU45-168 z poci\u0105giem osobowym 55422 relacji Kwidzyn &#8211; Toru\u0144 G\u0142. wje\u017cd\u017ca do Rog\u00f3\u017ana, gdzie na krzy\u017cowanie czeka ju\u017c przyspieszona &#8222;Liwa&#8221; (nr 55321) z Grudzi\u0105dza do Gdyni, prowadzona maszyn\u0105 SU45-034. 28.07.2005<\/p>\n","protected":false},"author":1,"featured_media":8347,"comment_status":"open","ping_status":"","sticky":false,"template":"","format":"standard","meta":{"footnotes":""},"categories":[62,2,311],"tags":[1205,389,63,27,2743,290,1512],"class_list":["post-8346","post","type-post","status-publish","format-standard","has-post-thumbnail","hentry","category-analog","category-kolej","category-rok-2005","tag-2005-07-28","tag-mijanka","tag-pkp","tag-polska","tag-rogozno-pomorskie","tag-su45","tag-tab-pl415"],"_links":{"self":[{"href":"https:\/\/wgphoto.pl\/t\/index.php?rest_route=\/wp\/v2\/posts\/8346","targetHints":{"allow":["GET"]}}],"collection":[{"href":"https:\/\/wgphoto.pl\/t\/index.php?rest_route=\/wp\/v2\/posts"}],"about":[{"href":"https:\/\/wgphoto.pl\/t\/index.php?rest_route=\/wp\/v2\/types\/post"}],"author":[{"embeddable":true,"href":"https:\/\/wgphoto.pl\/t\/index.php?rest_route=\/wp\/v2\/users\/1"}],"replies":[{"embeddable":true,"href":"https:\/\/wgphoto.pl\/t\/index.php?rest_route=%2Fwp%2Fv2%2Fcomments&post=8346"}],"version-history":[{"count":1,"href":"https:\/\/wgphoto.pl\/t\/index.php?rest_route=\/wp\/v2\/posts\/8346\/revisions"}],"predecessor-version":[{"id":8348,"href":"https:\/\/wgphoto.pl\/t\/index.php?rest_route=\/wp\/v2\/posts\/8346\/revisions\/8348"}],"wp:featuredmedia":[{"embeddable":true,"href":"https:\/\/wgphoto.pl\/t\/index.php?rest_route=\/wp\/v2\/media\/8347"}],"wp:attachment":[{"href":"https:\/\/wgphoto.pl\/t\/index.php?rest_route=%2Fwp%2Fv2%2Fmedia&parent=8346"}],"wp:term":[{"taxonomy":"category","embeddable":true,"href":"https:\/\/wgphoto.pl\/t\/index.php?rest_route=%2Fwp%2Fv2%2Fcategories&post=8346"},{"taxonomy":"post_tag","embeddable":true,"href":"https:\/\/wgphoto.pl\/t\/index.php?rest_route=%2Fwp%2Fv2%2Ftags&post=8346"}],"curies":[{"name":"wp","href":"https:\/\/api.w.org\/{rel}","templated":true}]}}