{"id":8349,"date":"2024-12-30T22:40:10","date_gmt":"2024-12-30T21:40:10","guid":{"rendered":"https:\/\/wgphoto.pl\/t\/?p=8349"},"modified":"2024-12-30T22:40:10","modified_gmt":"2024-12-30T21:40:10","slug":"swiatlo-nie-maluje","status":"publish","type":"post","link":"https:\/\/wgphoto.pl\/t\/?p=8349","title":{"rendered":"\u015awiat\u0142o nie maluje"},"content":{"rendered":"\n<figure class=\"wp-block-image aligncenter size-full\"><img loading=\"lazy\" decoding=\"async\" width=\"1300\" height=\"870\" src=\"https:\/\/wgphoto.pl\/t\/wp-content\/uploads\/2024\/12\/IMGP4110.jpg\" alt=\"\" class=\"wp-image-8350\" srcset=\"https:\/\/wgphoto.pl\/t\/wp-content\/uploads\/2024\/12\/IMGP4110.jpg 1300w, https:\/\/wgphoto.pl\/t\/wp-content\/uploads\/2024\/12\/IMGP4110-300x201.jpg 300w, https:\/\/wgphoto.pl\/t\/wp-content\/uploads\/2024\/12\/IMGP4110-768x514.jpg 768w\" sizes=\"auto, (max-width: 1300px) 100vw, 1300px\" \/><\/figure>\n\n\n\n<div class=\"wp-block-group has-global-padding is-layout-constrained wp-block-group-is-layout-constrained\">\n<p>\u2026bo s\u0142o\u0144ce pada z niew\u0142a\u015bciwej strony, ale pogody si\u0119 nie wybiera, pory dnia te\u017c nie zawsze.<br>Ze stacyjki Ro\u017emit\u00e1l pod T\u0159em\u0161\u00ednem pojazd 810.622-1 za chwil\u0119 odjedzie do odleg\u0142ych o 9 km B\u0159eznic jako motorov\u00fd osobn\u00ed vlak 27952. Nieco w nawi\u0105zaniu do tytu\u0142u, przysz\u0142o\u015b\u0107 tego po\u0142\u0105czenia r\u00f3wnie\u017c si\u0119 wcale nie maluje, albowiem w najbli\u017csz\u0105 sobot\u0119 planowe poci\u0105gi wyjad\u0105 na t\u0119 tras\u0119 po raz ostatni. 26.09.2011<\/p>\n<\/div>\n","protected":false},"excerpt":{"rendered":"<p>\u2026bo s\u0142o\u0144ce pada z niew\u0142a\u015bciwej strony, ale pogody si\u0119 nie wybiera, pory dnia te\u017c nie zawsze.Ze stacyjki Ro\u017emit\u00e1l pod T\u0159em\u0161\u00ednem pojazd 810.622-1 za chwil\u0119 odjedzie do odleg\u0142ych o 9 km B\u0159eznic jako motorov\u00fd osobn\u00ed vlak 27952. Nieco w nawi\u0105zaniu do tytu\u0142u, przysz\u0142o\u015b\u0107 tego po\u0142\u0105czenia r\u00f3wnie\u017c si\u0119 wcale nie maluje, albowiem w najbli\u017csz\u0105 sobot\u0119 planowe poci\u0105gi [&hellip;]<\/p>\n","protected":false},"author":1,"featured_media":8350,"comment_status":"open","ping_status":"","sticky":false,"template":"","format":"standard","meta":{"footnotes":""},"categories":[2,77],"tags":[1471,92,50,49,94,2488,2489],"class_list":["post-8349","post","type-post","status-publish","format-standard","has-post-thumbnail","hentry","category-kolej","category-rok-2011","tag-2011-09-26","tag-92","tag-cd","tag-czechy","tag-na-kolejowym-koncu-swiata","tag-rozmital-pod-tremsinem","tag-tab-cz204"],"_links":{"self":[{"href":"https:\/\/wgphoto.pl\/t\/index.php?rest_route=\/wp\/v2\/posts\/8349","targetHints":{"allow":["GET"]}}],"collection":[{"href":"https:\/\/wgphoto.pl\/t\/index.php?rest_route=\/wp\/v2\/posts"}],"about":[{"href":"https:\/\/wgphoto.pl\/t\/index.php?rest_route=\/wp\/v2\/types\/post"}],"author":[{"embeddable":true,"href":"https:\/\/wgphoto.pl\/t\/index.php?rest_route=\/wp\/v2\/users\/1"}],"replies":[{"embeddable":true,"href":"https:\/\/wgphoto.pl\/t\/index.php?rest_route=%2Fwp%2Fv2%2Fcomments&post=8349"}],"version-history":[{"count":1,"href":"https:\/\/wgphoto.pl\/t\/index.php?rest_route=\/wp\/v2\/posts\/8349\/revisions"}],"predecessor-version":[{"id":8351,"href":"https:\/\/wgphoto.pl\/t\/index.php?rest_route=\/wp\/v2\/posts\/8349\/revisions\/8351"}],"wp:featuredmedia":[{"embeddable":true,"href":"https:\/\/wgphoto.pl\/t\/index.php?rest_route=\/wp\/v2\/media\/8350"}],"wp:attachment":[{"href":"https:\/\/wgphoto.pl\/t\/index.php?rest_route=%2Fwp%2Fv2%2Fmedia&parent=8349"}],"wp:term":[{"taxonomy":"category","embeddable":true,"href":"https:\/\/wgphoto.pl\/t\/index.php?rest_route=%2Fwp%2Fv2%2Fcategories&post=8349"},{"taxonomy":"post_tag","embeddable":true,"href":"https:\/\/wgphoto.pl\/t\/index.php?rest_route=%2Fwp%2Fv2%2Ftags&post=8349"}],"curies":[{"name":"wp","href":"https:\/\/api.w.org\/{rel}","templated":true}]}}