{"id":8416,"date":"2024-12-30T23:20:47","date_gmt":"2024-12-30T22:20:47","guid":{"rendered":"https:\/\/wgphoto.pl\/t\/?p=8416"},"modified":"2024-12-30T23:21:04","modified_gmt":"2024-12-30T22:21:04","slug":"kawalek-nieba","status":"publish","type":"post","link":"https:\/\/wgphoto.pl\/t\/?p=8416","title":{"rendered":"Kawa\u0142ek nieba"},"content":{"rendered":"\n<figure class=\"wp-block-image aligncenter size-full\"><img loading=\"lazy\" decoding=\"async\" width=\"1300\" height=\"861\" src=\"https:\/\/wgphoto.pl\/t\/wp-content\/uploads\/2024\/12\/IMGP4538.jpg\" alt=\"\" class=\"wp-image-8417\" srcset=\"https:\/\/wgphoto.pl\/t\/wp-content\/uploads\/2024\/12\/IMGP4538.jpg 1300w, https:\/\/wgphoto.pl\/t\/wp-content\/uploads\/2024\/12\/IMGP4538-300x199.jpg 300w, https:\/\/wgphoto.pl\/t\/wp-content\/uploads\/2024\/12\/IMGP4538-768x509.jpg 768w\" sizes=\"auto, (max-width: 1300px) 100vw, 1300px\" \/><\/figure>\n\n\n\n<div class=\"wp-block-group has-global-padding is-layout-constrained wp-block-group-is-layout-constrained\">\n<p>Ze stacji Solna Strand w aglomeracji sztokholmskiej za chwil\u0119 odjedzie sk\u0142ad typu C20, prowadzony jednostk\u0105 nr 2143. Maszynista w\u0142a\u015bnie zamyka drzwi, zgodnie z procedur\u0105 stwierdzaj\u0105c gotowo\u015b\u0107 do odjazdu. Minimalistyczny lecz efektowny wystr\u00f3j stacji tworz\u0105 sze\u015bciany pomalowane w motyw chmur na niebie, wbijaj\u0105ce si\u0119 do wn\u0119trza przez szar\u0105 ska\u0142\u0119. 24.09.2021<\/p>\n<\/div>\n","protected":false},"excerpt":{"rendered":"<p>Ze stacji Solna Strand w aglomeracji sztokholmskiej za chwil\u0119 odjedzie sk\u0142ad typu C20, prowadzony jednostk\u0105 nr 2143. Maszynista w\u0142a\u015bnie zamyka drzwi, zgodnie z procedur\u0105 stwierdzaj\u0105c gotowo\u015b\u0107 do odjazdu. Minimalistyczny lecz efektowny wystr\u00f3j stacji tworz\u0105 sze\u015bciany pomalowane w motyw chmur na niebie, wbijaj\u0105ce si\u0119 do wn\u0119trza przez szar\u0105 ska\u0142\u0119. 24.09.2021<\/p>\n","protected":false},"author":1,"featured_media":8417,"comment_status":"open","ping_status":"","sticky":false,"template":"","format":"standard","meta":{"footnotes":""},"categories":[4,681],"tags":[684,1129,682,719,1127,686,685,687,15],"class_list":["post-8416","post","type-post","status-publish","format-standard","has-post-thumbnail","hentry","category-metro","category-rok-2021","tag-2021-09-24","tag-c20","tag-sl-stockholm","tag-stacje-sztokholmskiego-metra","tag-stockholms-tunnelbana","tag-sztokholm","tag-szwecja","tag-szwecja-2021","tag-tunel"],"_links":{"self":[{"href":"https:\/\/wgphoto.pl\/t\/index.php?rest_route=\/wp\/v2\/posts\/8416","targetHints":{"allow":["GET"]}}],"collection":[{"href":"https:\/\/wgphoto.pl\/t\/index.php?rest_route=\/wp\/v2\/posts"}],"about":[{"href":"https:\/\/wgphoto.pl\/t\/index.php?rest_route=\/wp\/v2\/types\/post"}],"author":[{"embeddable":true,"href":"https:\/\/wgphoto.pl\/t\/index.php?rest_route=\/wp\/v2\/users\/1"}],"replies":[{"embeddable":true,"href":"https:\/\/wgphoto.pl\/t\/index.php?rest_route=%2Fwp%2Fv2%2Fcomments&post=8416"}],"version-history":[{"count":1,"href":"https:\/\/wgphoto.pl\/t\/index.php?rest_route=\/wp\/v2\/posts\/8416\/revisions"}],"predecessor-version":[{"id":8418,"href":"https:\/\/wgphoto.pl\/t\/index.php?rest_route=\/wp\/v2\/posts\/8416\/revisions\/8418"}],"wp:featuredmedia":[{"embeddable":true,"href":"https:\/\/wgphoto.pl\/t\/index.php?rest_route=\/wp\/v2\/media\/8417"}],"wp:attachment":[{"href":"https:\/\/wgphoto.pl\/t\/index.php?rest_route=%2Fwp%2Fv2%2Fmedia&parent=8416"}],"wp:term":[{"taxonomy":"category","embeddable":true,"href":"https:\/\/wgphoto.pl\/t\/index.php?rest_route=%2Fwp%2Fv2%2Fcategories&post=8416"},{"taxonomy":"post_tag","embeddable":true,"href":"https:\/\/wgphoto.pl\/t\/index.php?rest_route=%2Fwp%2Fv2%2Ftags&post=8416"}],"curies":[{"name":"wp","href":"https:\/\/api.w.org\/{rel}","templated":true}]}}