{"id":842,"date":"2024-09-30T21:49:49","date_gmt":"2024-09-30T19:49:49","guid":{"rendered":"https:\/\/wgphoto.pl\/t\/?p=842"},"modified":"2024-09-30T21:49:49","modified_gmt":"2024-09-30T19:49:49","slug":"st43-317","status":"publish","type":"post","link":"https:\/\/wgphoto.pl\/t\/?p=842","title":{"rendered":"ST43-317"},"content":{"rendered":"\n<figure class=\"wp-block-image aligncenter size-full\"><img loading=\"lazy\" decoding=\"async\" width=\"1207\" height=\"800\" src=\"https:\/\/wgphoto.pl\/t\/wp-content\/uploads\/2024\/09\/0523-12.jpg\" alt=\"\" class=\"wp-image-843\" srcset=\"https:\/\/wgphoto.pl\/t\/wp-content\/uploads\/2024\/09\/0523-12.jpg 1207w, https:\/\/wgphoto.pl\/t\/wp-content\/uploads\/2024\/09\/0523-12-300x199.jpg 300w, https:\/\/wgphoto.pl\/t\/wp-content\/uploads\/2024\/09\/0523-12-768x509.jpg 768w\" sizes=\"auto, (max-width: 1207px) 100vw, 1207px\" \/><\/figure>\n\n\n\n<div class=\"wp-block-group has-global-padding is-layout-constrained wp-block-group-is-layout-constrained\">\n<p>\u2026z kamieniem z Grabiny \u015al. powolutku przemieszcza si\u0119 strzegomsk\u0105 estakad\u0105 w kierunku stacji Strzegom. 22.08.2005<\/p>\n<\/div>\n","protected":false},"excerpt":{"rendered":"<p>\u2026z kamieniem z Grabiny \u015al. powolutku przemieszcza si\u0119 strzegomsk\u0105 estakad\u0105 w kierunku stacji Strzegom. 22.08.2005<\/p>\n","protected":false},"author":1,"featured_media":843,"comment_status":"open","ping_status":"","sticky":false,"template":"","format":"standard","meta":{"footnotes":""},"categories":[62,2,311],"tags":[367,63,27,64,433,432],"class_list":["post-842","post","type-post","status-publish","format-standard","has-post-thumbnail","hentry","category-analog","category-kolej","category-rok-2005","tag-2005-08-22","tag-pkp","tag-polska","tag-st43","tag-strzegom","tag-strzegom-miasto"],"_links":{"self":[{"href":"https:\/\/wgphoto.pl\/t\/index.php?rest_route=\/wp\/v2\/posts\/842","targetHints":{"allow":["GET"]}}],"collection":[{"href":"https:\/\/wgphoto.pl\/t\/index.php?rest_route=\/wp\/v2\/posts"}],"about":[{"href":"https:\/\/wgphoto.pl\/t\/index.php?rest_route=\/wp\/v2\/types\/post"}],"author":[{"embeddable":true,"href":"https:\/\/wgphoto.pl\/t\/index.php?rest_route=\/wp\/v2\/users\/1"}],"replies":[{"embeddable":true,"href":"https:\/\/wgphoto.pl\/t\/index.php?rest_route=%2Fwp%2Fv2%2Fcomments&post=842"}],"version-history":[{"count":1,"href":"https:\/\/wgphoto.pl\/t\/index.php?rest_route=\/wp\/v2\/posts\/842\/revisions"}],"predecessor-version":[{"id":844,"href":"https:\/\/wgphoto.pl\/t\/index.php?rest_route=\/wp\/v2\/posts\/842\/revisions\/844"}],"wp:featuredmedia":[{"embeddable":true,"href":"https:\/\/wgphoto.pl\/t\/index.php?rest_route=\/wp\/v2\/media\/843"}],"wp:attachment":[{"href":"https:\/\/wgphoto.pl\/t\/index.php?rest_route=%2Fwp%2Fv2%2Fmedia&parent=842"}],"wp:term":[{"taxonomy":"category","embeddable":true,"href":"https:\/\/wgphoto.pl\/t\/index.php?rest_route=%2Fwp%2Fv2%2Fcategories&post=842"},{"taxonomy":"post_tag","embeddable":true,"href":"https:\/\/wgphoto.pl\/t\/index.php?rest_route=%2Fwp%2Fv2%2Ftags&post=842"}],"curies":[{"name":"wp","href":"https:\/\/api.w.org\/{rel}","templated":true}]}}