{"id":8441,"date":"2024-12-30T23:30:15","date_gmt":"2024-12-30T22:30:15","guid":{"rendered":"https:\/\/wgphoto.pl\/t\/?p=8441"},"modified":"2024-12-30T23:30:15","modified_gmt":"2024-12-30T22:30:15","slug":"nie-po-to-przyjechalem","status":"publish","type":"post","link":"https:\/\/wgphoto.pl\/t\/?p=8441","title":{"rendered":"Nie po to przyjecha\u0142em"},"content":{"rendered":"\n<figure class=\"wp-block-image aligncenter size-full\"><img loading=\"lazy\" decoding=\"async\" width=\"1300\" height=\"813\" src=\"https:\/\/wgphoto.pl\/t\/wp-content\/uploads\/2024\/12\/IMGP0792.jpg\" alt=\"\" class=\"wp-image-8442\" srcset=\"https:\/\/wgphoto.pl\/t\/wp-content\/uploads\/2024\/12\/IMGP0792.jpg 1300w, https:\/\/wgphoto.pl\/t\/wp-content\/uploads\/2024\/12\/IMGP0792-300x188.jpg 300w, https:\/\/wgphoto.pl\/t\/wp-content\/uploads\/2024\/12\/IMGP0792-768x480.jpg 768w\" sizes=\"auto, (max-width: 1300px) 100vw, 1300px\" \/><\/figure>\n\n\n\n<div class=\"wp-block-group has-global-padding is-layout-constrained wp-block-group-is-layout-constrained\">\n<p>Vectron 193.750-7 ze sk\u0142adem w\u0119glarek PKP Cargo mija Kardaszow\u0105 Rzeczyc\u0119. Pod 25 kV AC je\u017adzi si\u0119 raczej po laminatki z wagonami w barwach innych ni\u017c polskie. 23.09.2020<\/p>\n<\/div>\n","protected":false},"excerpt":{"rendered":"<p>Vectron 193.750-7 ze sk\u0142adem w\u0119glarek PKP Cargo mija Kardaszow\u0105 Rzeczyc\u0119. Pod 25 kV AC je\u017adzi si\u0119 raczej po laminatki z wagonami w barwach innych ni\u017c polskie. 23.09.2020<\/p>\n","protected":false},"author":1,"featured_media":8442,"comment_status":"open","ping_status":"","sticky":false,"template":"","format":"standard","meta":{"footnotes":""},"categories":[2,676],"tags":[2134,2768,49,2003,2767,567,1829],"class_list":["post-8441","post","type-post","status-publish","format-standard","has-post-thumbnail","hentry","category-kolej","category-rok-2020","tag-2020-09-23","tag-cargo-motion","tag-czechy","tag-czeskie-wakacje-2020","tag-kardasova-recice","tag-siemens-vectron","tag-tab-cz225"],"_links":{"self":[{"href":"https:\/\/wgphoto.pl\/t\/index.php?rest_route=\/wp\/v2\/posts\/8441","targetHints":{"allow":["GET"]}}],"collection":[{"href":"https:\/\/wgphoto.pl\/t\/index.php?rest_route=\/wp\/v2\/posts"}],"about":[{"href":"https:\/\/wgphoto.pl\/t\/index.php?rest_route=\/wp\/v2\/types\/post"}],"author":[{"embeddable":true,"href":"https:\/\/wgphoto.pl\/t\/index.php?rest_route=\/wp\/v2\/users\/1"}],"replies":[{"embeddable":true,"href":"https:\/\/wgphoto.pl\/t\/index.php?rest_route=%2Fwp%2Fv2%2Fcomments&post=8441"}],"version-history":[{"count":1,"href":"https:\/\/wgphoto.pl\/t\/index.php?rest_route=\/wp\/v2\/posts\/8441\/revisions"}],"predecessor-version":[{"id":8443,"href":"https:\/\/wgphoto.pl\/t\/index.php?rest_route=\/wp\/v2\/posts\/8441\/revisions\/8443"}],"wp:featuredmedia":[{"embeddable":true,"href":"https:\/\/wgphoto.pl\/t\/index.php?rest_route=\/wp\/v2\/media\/8442"}],"wp:attachment":[{"href":"https:\/\/wgphoto.pl\/t\/index.php?rest_route=%2Fwp%2Fv2%2Fmedia&parent=8441"}],"wp:term":[{"taxonomy":"category","embeddable":true,"href":"https:\/\/wgphoto.pl\/t\/index.php?rest_route=%2Fwp%2Fv2%2Fcategories&post=8441"},{"taxonomy":"post_tag","embeddable":true,"href":"https:\/\/wgphoto.pl\/t\/index.php?rest_route=%2Fwp%2Fv2%2Ftags&post=8441"}],"curies":[{"name":"wp","href":"https:\/\/api.w.org\/{rel}","templated":true}]}}