{"id":8444,"date":"2024-12-30T23:33:12","date_gmt":"2024-12-30T22:33:12","guid":{"rendered":"https:\/\/wgphoto.pl\/t\/?p=8444"},"modified":"2024-12-30T23:33:12","modified_gmt":"2024-12-30T22:33:12","slug":"citek-w-tunelu","status":"publish","type":"post","link":"https:\/\/wgphoto.pl\/t\/?p=8444","title":{"rendered":"Citek w tunelu"},"content":{"rendered":"\n<figure class=\"wp-block-image aligncenter size-full\"><img loading=\"lazy\" decoding=\"async\" width=\"1300\" height=\"861\" src=\"https:\/\/wgphoto.pl\/t\/wp-content\/uploads\/2024\/12\/IMGP1911.jpg\" alt=\"\" class=\"wp-image-8445\" srcset=\"https:\/\/wgphoto.pl\/t\/wp-content\/uploads\/2024\/12\/IMGP1911.jpg 1300w, https:\/\/wgphoto.pl\/t\/wp-content\/uploads\/2024\/12\/IMGP1911-300x199.jpg 300w, https:\/\/wgphoto.pl\/t\/wp-content\/uploads\/2024\/12\/IMGP1911-768x509.jpg 768w\" sizes=\"auto, (max-width: 1300px) 100vw, 1300px\" \/><\/figure>\n\n\n\n<div class=\"wp-block-group has-global-padding is-layout-constrained wp-block-group-is-layout-constrained\">\n<p>Na podziemnym przystanku Hauptbahnhof w Graz zatrzymuje si\u0119 Cityrunner nr 659. Ten kr\u00f3tki fragment tunelu otwarto nieco ponad rok przed wykonaniem zdj\u0119cia. 27.12.2013<\/p>\n<\/div>\n","protected":false},"excerpt":{"rendered":"<p>Na podziemnym przystanku Hauptbahnhof w Graz zatrzymuje si\u0119 Cityrunner nr 659. Ten kr\u00f3tki fragment tunelu otwarto nieco ponad rok przed wykonaniem zdj\u0119cia. 27.12.2013<\/p>\n","protected":false},"author":1,"featured_media":8445,"comment_status":"open","ping_status":"","sticky":false,"template":"","format":"standard","meta":{"footnotes":""},"categories":[55,3],"tags":[275,9,185,273,274,15],"class_list":["post-8444","post","type-post","status-publish","format-standard","has-post-thumbnail","hentry","category-rok-2013","category-tramwaj","tag-2013-12-27","tag-austria","tag-cityrunner","tag-graz","tag-holding-graz-linien","tag-tunel"],"_links":{"self":[{"href":"https:\/\/wgphoto.pl\/t\/index.php?rest_route=\/wp\/v2\/posts\/8444","targetHints":{"allow":["GET"]}}],"collection":[{"href":"https:\/\/wgphoto.pl\/t\/index.php?rest_route=\/wp\/v2\/posts"}],"about":[{"href":"https:\/\/wgphoto.pl\/t\/index.php?rest_route=\/wp\/v2\/types\/post"}],"author":[{"embeddable":true,"href":"https:\/\/wgphoto.pl\/t\/index.php?rest_route=\/wp\/v2\/users\/1"}],"replies":[{"embeddable":true,"href":"https:\/\/wgphoto.pl\/t\/index.php?rest_route=%2Fwp%2Fv2%2Fcomments&post=8444"}],"version-history":[{"count":1,"href":"https:\/\/wgphoto.pl\/t\/index.php?rest_route=\/wp\/v2\/posts\/8444\/revisions"}],"predecessor-version":[{"id":8446,"href":"https:\/\/wgphoto.pl\/t\/index.php?rest_route=\/wp\/v2\/posts\/8444\/revisions\/8446"}],"wp:featuredmedia":[{"embeddable":true,"href":"https:\/\/wgphoto.pl\/t\/index.php?rest_route=\/wp\/v2\/media\/8445"}],"wp:attachment":[{"href":"https:\/\/wgphoto.pl\/t\/index.php?rest_route=%2Fwp%2Fv2%2Fmedia&parent=8444"}],"wp:term":[{"taxonomy":"category","embeddable":true,"href":"https:\/\/wgphoto.pl\/t\/index.php?rest_route=%2Fwp%2Fv2%2Fcategories&post=8444"},{"taxonomy":"post_tag","embeddable":true,"href":"https:\/\/wgphoto.pl\/t\/index.php?rest_route=%2Fwp%2Fv2%2Ftags&post=8444"}],"curies":[{"name":"wp","href":"https:\/\/api.w.org\/{rel}","templated":true}]}}