{"id":8451,"date":"2024-12-30T23:36:38","date_gmt":"2024-12-30T22:36:38","guid":{"rendered":"https:\/\/wgphoto.pl\/t\/?p=8451"},"modified":"2025-11-10T11:42:13","modified_gmt":"2025-11-10T10:42:13","slug":"torow-nie-widac","status":"publish","type":"post","link":"https:\/\/wgphoto.pl\/t\/?p=8451","title":{"rendered":"Tor\u00f3w nie wida\u0107"},"content":{"rendered":"\n<figure class=\"wp-block-image aligncenter size-full\"><img loading=\"lazy\" decoding=\"async\" width=\"1400\" height=\"927\" src=\"https:\/\/wgphoto.pl\/t\/wp-content\/uploads\/2024\/12\/0534-15_rsn.jpg\" alt=\"\" class=\"wp-image-22316\" srcset=\"https:\/\/wgphoto.pl\/t\/wp-content\/uploads\/2024\/12\/0534-15_rsn.jpg 1400w, https:\/\/wgphoto.pl\/t\/wp-content\/uploads\/2024\/12\/0534-15_rsn-300x199.jpg 300w, https:\/\/wgphoto.pl\/t\/wp-content\/uploads\/2024\/12\/0534-15_rsn-768x509.jpg 768w\" sizes=\"auto, (max-width: 1400px) 100vw, 1400px\" \/><\/figure>\n\n\n\n<div class=\"wp-block-group has-global-padding is-layout-constrained wp-block-group-is-layout-constrained\">\n<p>EP09-034 manewruje w Wi\u015ble-G\u0142\u0119bcach po przyprowadzeniu Ex &#8222;Wis\u0142a&#8221; z Warszawy. 30.12.2005<\/p>\n<\/div>\n","protected":false},"excerpt":{"rendered":"<p>EP09-034 manewruje w Wi\u015ble-G\u0142\u0119bcach po przyprowadzeniu Ex &#8222;Wis\u0142a&#8221; z Warszawy. 30.12.2005<\/p>\n","protected":false},"author":1,"featured_media":22316,"comment_status":"open","ping_status":"","sticky":false,"template":"","format":"standard","meta":{"footnotes":""},"categories":[62,2,311],"tags":[2348,2461,63,27,44,2347,2533],"class_list":["post-8451","post","type-post","status-publish","format-standard","has-post-thumbnail","hentry","category-analog","category-kolej","category-rok-2005","tag-2005-12-30","tag-ep09","tag-pkp","tag-polska","tag-snieg","tag-tab-pl146","tag-wisla-glebce-2"],"_links":{"self":[{"href":"https:\/\/wgphoto.pl\/t\/index.php?rest_route=\/wp\/v2\/posts\/8451","targetHints":{"allow":["GET"]}}],"collection":[{"href":"https:\/\/wgphoto.pl\/t\/index.php?rest_route=\/wp\/v2\/posts"}],"about":[{"href":"https:\/\/wgphoto.pl\/t\/index.php?rest_route=\/wp\/v2\/types\/post"}],"author":[{"embeddable":true,"href":"https:\/\/wgphoto.pl\/t\/index.php?rest_route=\/wp\/v2\/users\/1"}],"replies":[{"embeddable":true,"href":"https:\/\/wgphoto.pl\/t\/index.php?rest_route=%2Fwp%2Fv2%2Fcomments&post=8451"}],"version-history":[{"count":2,"href":"https:\/\/wgphoto.pl\/t\/index.php?rest_route=\/wp\/v2\/posts\/8451\/revisions"}],"predecessor-version":[{"id":22317,"href":"https:\/\/wgphoto.pl\/t\/index.php?rest_route=\/wp\/v2\/posts\/8451\/revisions\/22317"}],"wp:featuredmedia":[{"embeddable":true,"href":"https:\/\/wgphoto.pl\/t\/index.php?rest_route=\/wp\/v2\/media\/22316"}],"wp:attachment":[{"href":"https:\/\/wgphoto.pl\/t\/index.php?rest_route=%2Fwp%2Fv2%2Fmedia&parent=8451"}],"wp:term":[{"taxonomy":"category","embeddable":true,"href":"https:\/\/wgphoto.pl\/t\/index.php?rest_route=%2Fwp%2Fv2%2Fcategories&post=8451"},{"taxonomy":"post_tag","embeddable":true,"href":"https:\/\/wgphoto.pl\/t\/index.php?rest_route=%2Fwp%2Fv2%2Ftags&post=8451"}],"curies":[{"name":"wp","href":"https:\/\/api.w.org\/{rel}","templated":true}]}}