{"id":8460,"date":"2024-12-30T23:40:13","date_gmt":"2024-12-30T22:40:13","guid":{"rendered":"https:\/\/wgphoto.pl\/t\/?p=8460"},"modified":"2024-12-30T23:40:13","modified_gmt":"2024-12-30T22:40:13","slug":"w-cieniu-beskidow","status":"publish","type":"post","link":"https:\/\/wgphoto.pl\/t\/?p=8460","title":{"rendered":"W cieniu Beskid\u00f3w"},"content":{"rendered":"\n<figure class=\"wp-block-image aligncenter size-full\"><img loading=\"lazy\" decoding=\"async\" width=\"1300\" height=\"813\" src=\"https:\/\/wgphoto.pl\/t\/wp-content\/uploads\/2024\/12\/IMGP6008.jpg\" alt=\"\" class=\"wp-image-8461\" srcset=\"https:\/\/wgphoto.pl\/t\/wp-content\/uploads\/2024\/12\/IMGP6008.jpg 1300w, https:\/\/wgphoto.pl\/t\/wp-content\/uploads\/2024\/12\/IMGP6008-300x188.jpg 300w, https:\/\/wgphoto.pl\/t\/wp-content\/uploads\/2024\/12\/IMGP6008-768x480.jpg 768w\" sizes=\"auto, (max-width: 1300px) 100vw, 1300px\" \/><\/figure>\n\n\n\n<div class=\"wp-block-group has-global-padding is-layout-constrained wp-block-group-is-layout-constrained\">\n<p>Deszczowe popo\u0142udnie na stacji Fren\u0161t\u00e1t pod Radho\u0161t\u011bm. Nurek 854.080-0 w\u0142a\u015bnie przyjecha\u0142 z poci\u0105giem osobowym 3124 z Ostrawy, z lewej stoi poci\u0105g nr 3127 relacji przeciwnej, w sk\u0142adzie 842+2&#215;010. 16.08.2010<\/p>\n<\/div>\n","protected":false},"excerpt":{"rendered":"<p>Deszczowe popo\u0142udnie na stacji Fren\u0161t\u00e1t pod Radho\u0161t\u011bm. Nurek 854.080-0 w\u0142a\u015bnie przyjecha\u0142 z poci\u0105giem osobowym 3124 z Ostrawy, z lewej stoi poci\u0105g nr 3127 relacji przeciwnej, w sk\u0142adzie 842+2&#215;010. 16.08.2010<\/p>\n","protected":false},"author":1,"featured_media":8461,"comment_status":"open","ping_status":"","sticky":false,"template":"","format":"standard","meta":{"footnotes":""},"categories":[2,86],"tags":[2639,335,50,49,13,2771,173,1743],"class_list":["post-8460","post","type-post","status-publish","format-standard","has-post-thumbnail","hentry","category-kolej","category-rok-2010","tag-2010-08-16","tag-335","tag-cd","tag-czechy","tag-deszcz","tag-frenstat-pod-radhostem","tag-koncowki","tag-tab-cz323"],"_links":{"self":[{"href":"https:\/\/wgphoto.pl\/t\/index.php?rest_route=\/wp\/v2\/posts\/8460","targetHints":{"allow":["GET"]}}],"collection":[{"href":"https:\/\/wgphoto.pl\/t\/index.php?rest_route=\/wp\/v2\/posts"}],"about":[{"href":"https:\/\/wgphoto.pl\/t\/index.php?rest_route=\/wp\/v2\/types\/post"}],"author":[{"embeddable":true,"href":"https:\/\/wgphoto.pl\/t\/index.php?rest_route=\/wp\/v2\/users\/1"}],"replies":[{"embeddable":true,"href":"https:\/\/wgphoto.pl\/t\/index.php?rest_route=%2Fwp%2Fv2%2Fcomments&post=8460"}],"version-history":[{"count":1,"href":"https:\/\/wgphoto.pl\/t\/index.php?rest_route=\/wp\/v2\/posts\/8460\/revisions"}],"predecessor-version":[{"id":8462,"href":"https:\/\/wgphoto.pl\/t\/index.php?rest_route=\/wp\/v2\/posts\/8460\/revisions\/8462"}],"wp:featuredmedia":[{"embeddable":true,"href":"https:\/\/wgphoto.pl\/t\/index.php?rest_route=\/wp\/v2\/media\/8461"}],"wp:attachment":[{"href":"https:\/\/wgphoto.pl\/t\/index.php?rest_route=%2Fwp%2Fv2%2Fmedia&parent=8460"}],"wp:term":[{"taxonomy":"category","embeddable":true,"href":"https:\/\/wgphoto.pl\/t\/index.php?rest_route=%2Fwp%2Fv2%2Fcategories&post=8460"},{"taxonomy":"post_tag","embeddable":true,"href":"https:\/\/wgphoto.pl\/t\/index.php?rest_route=%2Fwp%2Fv2%2Ftags&post=8460"}],"curies":[{"name":"wp","href":"https:\/\/api.w.org\/{rel}","templated":true}]}}