{"id":8463,"date":"2024-12-30T23:41:54","date_gmt":"2024-12-30T22:41:54","guid":{"rendered":"https:\/\/wgphoto.pl\/t\/?p=8463"},"modified":"2024-12-30T23:41:54","modified_gmt":"2024-12-30T22:41:54","slug":"2021-odjezdza","status":"publish","type":"post","link":"https:\/\/wgphoto.pl\/t\/?p=8463","title":{"rendered":"2021 odje\u017cd\u017ca"},"content":{"rendered":"\n<figure class=\"wp-block-image aligncenter size-full\"><img loading=\"lazy\" decoding=\"async\" width=\"1300\" height=\"872\" src=\"https:\/\/wgphoto.pl\/t\/wp-content\/uploads\/2024\/12\/0433-34.jpg\" alt=\"\" class=\"wp-image-8464\" srcset=\"https:\/\/wgphoto.pl\/t\/wp-content\/uploads\/2024\/12\/0433-34.jpg 1300w, https:\/\/wgphoto.pl\/t\/wp-content\/uploads\/2024\/12\/0433-34-300x201.jpg 300w, https:\/\/wgphoto.pl\/t\/wp-content\/uploads\/2024\/12\/0433-34-768x515.jpg 768w\" sizes=\"auto, (max-width: 1300px) 100vw, 1300px\" \/><\/figure>\n\n\n\n<div class=\"wp-block-group has-global-padding is-layout-constrained wp-block-group-is-layout-constrained\">\n<p>Wroc\u0142aw, ul. Ruska. Wagon nr 2021 w trakcie \u0142adowania na lawet\u0119, na kt\u00f3rej stanie na par\u0119 dni na Rynku i zostanie zlicytowany podczas XIII Fina\u0142u WO\u015aP. Poruszenie tramwaju wynika z wci\u0105gania go na lawet\u0119 z minimaln\u0105 pr\u0119dko\u015bci\u0105 w trakcie na\u015bwietlania zdj\u0119cia, ca\u0142a operacja trwa\u0142a kilkadziesi\u0105t minut.<br>Tym zdj\u0119ciem \u017cycz\u0119 wam szcz\u0119\u015bliwego Nowego Roku! 07.01.2005<\/p>\n<\/div>\n","protected":false},"excerpt":{"rendered":"<p>Wroc\u0142aw, ul. Ruska. Wagon nr 2021 w trakcie \u0142adowania na lawet\u0119, na kt\u00f3rej stanie na par\u0119 dni na Rynku i zostanie zlicytowany podczas XIII Fina\u0142u WO\u015aP. Poruszenie tramwaju wynika z wci\u0105gania go na lawet\u0119 z minimaln\u0105 pr\u0119dko\u015bci\u0105 w trakcie na\u015bwietlania zdj\u0119cia, ca\u0142a operacja trwa\u0142a kilkadziesi\u0105t minut.Tym zdj\u0119ciem \u017cycz\u0119 wam szcz\u0119\u015bliwego Nowego Roku! 07.01.2005<\/p>\n","protected":false},"author":1,"featured_media":8464,"comment_status":"open","ping_status":"","sticky":false,"template":"","format":"standard","meta":{"footnotes":""},"categories":[62,311,3],"tags":[2772,309,42,154,27,1523,41],"class_list":["post-8463","post","type-post","status-publish","format-standard","has-post-thumbnail","hentry","category-analog","category-rok-2005","category-tramwaj","tag-2005-01-07","tag-konstal-102na","tag-mpk-wroclaw","tag-noc","tag-polska","tag-wosp","tag-wroclaw"],"_links":{"self":[{"href":"https:\/\/wgphoto.pl\/t\/index.php?rest_route=\/wp\/v2\/posts\/8463","targetHints":{"allow":["GET"]}}],"collection":[{"href":"https:\/\/wgphoto.pl\/t\/index.php?rest_route=\/wp\/v2\/posts"}],"about":[{"href":"https:\/\/wgphoto.pl\/t\/index.php?rest_route=\/wp\/v2\/types\/post"}],"author":[{"embeddable":true,"href":"https:\/\/wgphoto.pl\/t\/index.php?rest_route=\/wp\/v2\/users\/1"}],"replies":[{"embeddable":true,"href":"https:\/\/wgphoto.pl\/t\/index.php?rest_route=%2Fwp%2Fv2%2Fcomments&post=8463"}],"version-history":[{"count":1,"href":"https:\/\/wgphoto.pl\/t\/index.php?rest_route=\/wp\/v2\/posts\/8463\/revisions"}],"predecessor-version":[{"id":8465,"href":"https:\/\/wgphoto.pl\/t\/index.php?rest_route=\/wp\/v2\/posts\/8463\/revisions\/8465"}],"wp:featuredmedia":[{"embeddable":true,"href":"https:\/\/wgphoto.pl\/t\/index.php?rest_route=\/wp\/v2\/media\/8464"}],"wp:attachment":[{"href":"https:\/\/wgphoto.pl\/t\/index.php?rest_route=%2Fwp%2Fv2%2Fmedia&parent=8463"}],"wp:term":[{"taxonomy":"category","embeddable":true,"href":"https:\/\/wgphoto.pl\/t\/index.php?rest_route=%2Fwp%2Fv2%2Fcategories&post=8463"},{"taxonomy":"post_tag","embeddable":true,"href":"https:\/\/wgphoto.pl\/t\/index.php?rest_route=%2Fwp%2Fv2%2Ftags&post=8463"}],"curies":[{"name":"wp","href":"https:\/\/api.w.org\/{rel}","templated":true}]}}