{"id":8469,"date":"2024-12-30T23:43:48","date_gmt":"2024-12-30T22:43:48","guid":{"rendered":"https:\/\/wgphoto.pl\/t\/?p=8469"},"modified":"2024-12-30T23:43:48","modified_gmt":"2024-12-30T22:43:48","slug":"kolory-lata","status":"publish","type":"post","link":"https:\/\/wgphoto.pl\/t\/?p=8469","title":{"rendered":"Kolory lata"},"content":{"rendered":"\n<figure class=\"wp-block-image aligncenter size-full\"><img loading=\"lazy\" decoding=\"async\" width=\"1300\" height=\"862\" src=\"https:\/\/wgphoto.pl\/t\/wp-content\/uploads\/2024\/12\/0518-23.jpg\" alt=\"\" class=\"wp-image-8470\" srcset=\"https:\/\/wgphoto.pl\/t\/wp-content\/uploads\/2024\/12\/0518-23.jpg 1300w, https:\/\/wgphoto.pl\/t\/wp-content\/uploads\/2024\/12\/0518-23-300x199.jpg 300w, https:\/\/wgphoto.pl\/t\/wp-content\/uploads\/2024\/12\/0518-23-768x509.jpg 768w\" sizes=\"auto, (max-width: 1300px) 100vw, 1300px\" \/><\/figure>\n\n\n\n<div class=\"wp-block-group has-global-padding is-layout-constrained wp-block-group-is-layout-constrained\">\n<p>Fiat SU45-101 o wyj\u0105tkowo wyrazistych barwach na czele poci\u0105gu pospiesznego 54505 &#8222;Pogoria&#8221; z E\u0142ku do Bielska-Bia\u0142ej i Krakowa nabiera pr\u0119dko\u015bci za stacj\u0105 w Wydminach. 26.07.2005<\/p>\n<\/div>\n","protected":false},"excerpt":{"rendered":"<p>Fiat SU45-101 o wyj\u0105tkowo wyrazistych barwach na czele poci\u0105gu pospiesznego 54505 &#8222;Pogoria&#8221; z E\u0142ku do Bielska-Bia\u0142ej i Krakowa nabiera pr\u0119dko\u015bci za stacj\u0105 w Wydminach. 26.07.2005<\/p>\n","protected":false},"author":1,"featured_media":8470,"comment_status":"open","ping_status":"","sticky":false,"template":"","format":"standard","meta":{"footnotes":""},"categories":[62,2,311],"tags":[1160,325,63,27,290,322,323],"class_list":["post-8469","post","type-post","status-publish","format-standard","has-post-thumbnail","hentry","category-analog","category-kolej","category-rok-2005","tag-2005-07-26","tag-gizycko","tag-pkp","tag-polska","tag-su45","tag-tab-pl510","tag-wydminy"],"_links":{"self":[{"href":"https:\/\/wgphoto.pl\/t\/index.php?rest_route=\/wp\/v2\/posts\/8469","targetHints":{"allow":["GET"]}}],"collection":[{"href":"https:\/\/wgphoto.pl\/t\/index.php?rest_route=\/wp\/v2\/posts"}],"about":[{"href":"https:\/\/wgphoto.pl\/t\/index.php?rest_route=\/wp\/v2\/types\/post"}],"author":[{"embeddable":true,"href":"https:\/\/wgphoto.pl\/t\/index.php?rest_route=\/wp\/v2\/users\/1"}],"replies":[{"embeddable":true,"href":"https:\/\/wgphoto.pl\/t\/index.php?rest_route=%2Fwp%2Fv2%2Fcomments&post=8469"}],"version-history":[{"count":1,"href":"https:\/\/wgphoto.pl\/t\/index.php?rest_route=\/wp\/v2\/posts\/8469\/revisions"}],"predecessor-version":[{"id":8471,"href":"https:\/\/wgphoto.pl\/t\/index.php?rest_route=\/wp\/v2\/posts\/8469\/revisions\/8471"}],"wp:featuredmedia":[{"embeddable":true,"href":"https:\/\/wgphoto.pl\/t\/index.php?rest_route=\/wp\/v2\/media\/8470"}],"wp:attachment":[{"href":"https:\/\/wgphoto.pl\/t\/index.php?rest_route=%2Fwp%2Fv2%2Fmedia&parent=8469"}],"wp:term":[{"taxonomy":"category","embeddable":true,"href":"https:\/\/wgphoto.pl\/t\/index.php?rest_route=%2Fwp%2Fv2%2Fcategories&post=8469"},{"taxonomy":"post_tag","embeddable":true,"href":"https:\/\/wgphoto.pl\/t\/index.php?rest_route=%2Fwp%2Fv2%2Ftags&post=8469"}],"curies":[{"name":"wp","href":"https:\/\/api.w.org\/{rel}","templated":true}]}}