{"id":8472,"date":"2024-12-30T23:44:43","date_gmt":"2024-12-30T22:44:43","guid":{"rendered":"https:\/\/wgphoto.pl\/t\/?p=8472"},"modified":"2024-12-30T23:44:43","modified_gmt":"2024-12-30T22:44:43","slug":"nawa","status":"publish","type":"post","link":"https:\/\/wgphoto.pl\/t\/?p=8472","title":{"rendered":"Nawa"},"content":{"rendered":"\n<figure class=\"wp-block-image aligncenter size-full\"><img loading=\"lazy\" decoding=\"async\" width=\"1300\" height=\"861\" src=\"https:\/\/wgphoto.pl\/t\/wp-content\/uploads\/2024\/12\/IMGP1379.jpg\" alt=\"\" class=\"wp-image-8473\" srcset=\"https:\/\/wgphoto.pl\/t\/wp-content\/uploads\/2024\/12\/IMGP1379.jpg 1300w, https:\/\/wgphoto.pl\/t\/wp-content\/uploads\/2024\/12\/IMGP1379-300x199.jpg 300w, https:\/\/wgphoto.pl\/t\/wp-content\/uploads\/2024\/12\/IMGP1379-768x509.jpg 768w\" sizes=\"auto, (max-width: 1300px) 100vw, 1300px\" \/><\/figure>\n\n\n\n<div class=\"wp-block-group has-global-padding is-layout-constrained wp-block-group-is-layout-constrained\">\n<p>Boczny peron stacji Amsterdam Sloterdijk prezentuje si\u0119 najbardziej atrakcyjnie w ca\u0142ym w\u0119\u017ale. Z toru dziewi\u0105tego odje\u017cd\u017ca poci\u0105g nieznanej relacji. 02.05.2017<\/p>\n<\/div>\n","protected":false},"excerpt":{"rendered":"<p>Boczny peron stacji Amsterdam Sloterdijk prezentuje si\u0119 najbardziej atrakcyjnie w ca\u0142ym w\u0119\u017ale. Z toru dziewi\u0105tego odje\u017cd\u017ca poci\u0105g nieznanej relacji. 02.05.2017<\/p>\n","protected":false},"author":1,"featured_media":8473,"comment_status":"open","ping_status":"","sticky":false,"template":"","format":"standard","meta":{"footnotes":""},"categories":[2,368],"tags":[376,1439,2773,34,179,370,787,1453],"class_list":["post-8472","post","type-post","status-publish","format-standard","has-post-thumbnail","hentry","category-kolej","category-rok-2017","tag-2017-05-02","tag-amsterdam","tag-amsterdam-sloterdijk","tag-architektura","tag-hala-peronowa","tag-holandia","tag-majowka-2017-2","tag-ns"],"_links":{"self":[{"href":"https:\/\/wgphoto.pl\/t\/index.php?rest_route=\/wp\/v2\/posts\/8472","targetHints":{"allow":["GET"]}}],"collection":[{"href":"https:\/\/wgphoto.pl\/t\/index.php?rest_route=\/wp\/v2\/posts"}],"about":[{"href":"https:\/\/wgphoto.pl\/t\/index.php?rest_route=\/wp\/v2\/types\/post"}],"author":[{"embeddable":true,"href":"https:\/\/wgphoto.pl\/t\/index.php?rest_route=\/wp\/v2\/users\/1"}],"replies":[{"embeddable":true,"href":"https:\/\/wgphoto.pl\/t\/index.php?rest_route=%2Fwp%2Fv2%2Fcomments&post=8472"}],"version-history":[{"count":1,"href":"https:\/\/wgphoto.pl\/t\/index.php?rest_route=\/wp\/v2\/posts\/8472\/revisions"}],"predecessor-version":[{"id":8474,"href":"https:\/\/wgphoto.pl\/t\/index.php?rest_route=\/wp\/v2\/posts\/8472\/revisions\/8474"}],"wp:featuredmedia":[{"embeddable":true,"href":"https:\/\/wgphoto.pl\/t\/index.php?rest_route=\/wp\/v2\/media\/8473"}],"wp:attachment":[{"href":"https:\/\/wgphoto.pl\/t\/index.php?rest_route=%2Fwp%2Fv2%2Fmedia&parent=8472"}],"wp:term":[{"taxonomy":"category","embeddable":true,"href":"https:\/\/wgphoto.pl\/t\/index.php?rest_route=%2Fwp%2Fv2%2Fcategories&post=8472"},{"taxonomy":"post_tag","embeddable":true,"href":"https:\/\/wgphoto.pl\/t\/index.php?rest_route=%2Fwp%2Fv2%2Ftags&post=8472"}],"curies":[{"name":"wp","href":"https:\/\/api.w.org\/{rel}","templated":true}]}}