{"id":8488,"date":"2024-12-31T11:50:48","date_gmt":"2024-12-31T10:50:48","guid":{"rendered":"https:\/\/wgphoto.pl\/t\/?p=8488"},"modified":"2024-12-31T11:50:48","modified_gmt":"2024-12-31T10:50:48","slug":"papuga-z-papugami","status":"publish","type":"post","link":"https:\/\/wgphoto.pl\/t\/?p=8488","title":{"rendered":"Papuga z papugami"},"content":{"rendered":"\n<figure class=\"wp-block-image aligncenter size-full\"><img loading=\"lazy\" decoding=\"async\" width=\"1400\" height=\"927\" src=\"https:\/\/wgphoto.pl\/t\/wp-content\/uploads\/2024\/12\/2001k-28_rsn.jpg\" alt=\"\" class=\"wp-image-8489\" srcset=\"https:\/\/wgphoto.pl\/t\/wp-content\/uploads\/2024\/12\/2001k-28_rsn.jpg 1400w, https:\/\/wgphoto.pl\/t\/wp-content\/uploads\/2024\/12\/2001k-28_rsn-300x199.jpg 300w, https:\/\/wgphoto.pl\/t\/wp-content\/uploads\/2024\/12\/2001k-28_rsn-768x509.jpg 768w\" sizes=\"auto, (max-width: 1400px) 100vw, 1400px\" \/><\/figure>\n\n\n\n<div class=\"wp-block-group has-global-padding is-layout-constrained wp-block-group-is-layout-constrained\">\n<p>EP09-026 z poci\u0105giem IC 6115 &#8222;\u015al\u0119\u017ca&#8221; z Wroc\u0142awia G\u0142. do Warszawy Wsch. mija Podg Grabiszyn we Wroc\u0142awiu. 14.06.2001<\/p>\n<\/div>\n","protected":false},"excerpt":{"rendered":"<p>EP09-026 z poci\u0105giem IC 6115 &#8222;\u015al\u0119\u017ca&#8221; z Wroc\u0142awia G\u0142. do Warszawy Wsch. mija Podg Grabiszyn we Wroc\u0142awiu. 14.06.2001<\/p>\n","protected":false},"author":1,"featured_media":8489,"comment_status":"open","ping_status":"","sticky":false,"template":"","format":"standard","meta":{"footnotes":""},"categories":[62,2,940],"tags":[2775,2461,63,1544,27,190,41],"class_list":["post-8488","post","type-post","status-publish","format-standard","has-post-thumbnail","hentry","category-analog","category-kolej","category-rok-2001","tag-2001-06-14","tag-ep09","tag-pkp","tag-podg-grabiszyn","tag-polska","tag-tab-pl330","tag-wroclaw"],"_links":{"self":[{"href":"https:\/\/wgphoto.pl\/t\/index.php?rest_route=\/wp\/v2\/posts\/8488","targetHints":{"allow":["GET"]}}],"collection":[{"href":"https:\/\/wgphoto.pl\/t\/index.php?rest_route=\/wp\/v2\/posts"}],"about":[{"href":"https:\/\/wgphoto.pl\/t\/index.php?rest_route=\/wp\/v2\/types\/post"}],"author":[{"embeddable":true,"href":"https:\/\/wgphoto.pl\/t\/index.php?rest_route=\/wp\/v2\/users\/1"}],"replies":[{"embeddable":true,"href":"https:\/\/wgphoto.pl\/t\/index.php?rest_route=%2Fwp%2Fv2%2Fcomments&post=8488"}],"version-history":[{"count":1,"href":"https:\/\/wgphoto.pl\/t\/index.php?rest_route=\/wp\/v2\/posts\/8488\/revisions"}],"predecessor-version":[{"id":8490,"href":"https:\/\/wgphoto.pl\/t\/index.php?rest_route=\/wp\/v2\/posts\/8488\/revisions\/8490"}],"wp:featuredmedia":[{"embeddable":true,"href":"https:\/\/wgphoto.pl\/t\/index.php?rest_route=\/wp\/v2\/media\/8489"}],"wp:attachment":[{"href":"https:\/\/wgphoto.pl\/t\/index.php?rest_route=%2Fwp%2Fv2%2Fmedia&parent=8488"}],"wp:term":[{"taxonomy":"category","embeddable":true,"href":"https:\/\/wgphoto.pl\/t\/index.php?rest_route=%2Fwp%2Fv2%2Fcategories&post=8488"},{"taxonomy":"post_tag","embeddable":true,"href":"https:\/\/wgphoto.pl\/t\/index.php?rest_route=%2Fwp%2Fv2%2Ftags&post=8488"}],"curies":[{"name":"wp","href":"https:\/\/api.w.org\/{rel}","templated":true}]}}