{"id":8491,"date":"2024-12-31T11:51:41","date_gmt":"2024-12-31T10:51:41","guid":{"rendered":"https:\/\/wgphoto.pl\/t\/?p=8491"},"modified":"2024-12-31T11:51:41","modified_gmt":"2024-12-31T10:51:41","slug":"20-24-odjezdza","status":"publish","type":"post","link":"https:\/\/wgphoto.pl\/t\/?p=8491","title":{"rendered":"20-24 odje\u017cd\u017ca"},"content":{"rendered":"\n<figure class=\"wp-block-image aligncenter size-full\"><img loading=\"lazy\" decoding=\"async\" width=\"1400\" height=\"928\" src=\"https:\/\/wgphoto.pl\/t\/wp-content\/uploads\/2024\/12\/0403-23.jpg\" alt=\"\" class=\"wp-image-8492\" srcset=\"https:\/\/wgphoto.pl\/t\/wp-content\/uploads\/2024\/12\/0403-23.jpg 1400w, https:\/\/wgphoto.pl\/t\/wp-content\/uploads\/2024\/12\/0403-23-300x199.jpg 300w, https:\/\/wgphoto.pl\/t\/wp-content\/uploads\/2024\/12\/0403-23-768x509.jpg 768w\" sizes=\"auto, (max-width: 1400px) 100vw, 1400px\" \/><\/figure>\n\n\n\n<div class=\"wp-block-group has-global-padding is-layout-constrained wp-block-group-is-layout-constrained\">\n<p>Wroc\u0142aw, ul. Grabiszy\u0144ska, mijanka 102Nd 2084 ze 102Na 2041&#8221;. Pierwszy z wagon\u00f3w realizowa\u0142 zapewne tras\u0119 dora\u017anego objazdu, gdy\u017c 20 t\u0119dy nie kursuje, a bia\u0142e tablice sugeruj\u0105 brak sta\u0142ych objazd\u00f3w. 15.03.2004<\/p>\n<\/div>\n","protected":false},"excerpt":{"rendered":"<p>Wroc\u0142aw, ul. Grabiszy\u0144ska, mijanka 102Nd 2084 ze 102Na 2041&#8221;. Pierwszy z wagon\u00f3w realizowa\u0142 zapewne tras\u0119 dora\u017anego objazdu, gdy\u017c 20 t\u0119dy nie kursuje, a bia\u0142e tablice sugeruj\u0105 brak sta\u0142ych objazd\u00f3w. 15.03.2004<\/p>\n","protected":false},"author":1,"featured_media":8492,"comment_status":"open","ping_status":"","sticky":false,"template":"","format":"standard","meta":{"footnotes":""},"categories":[62,61,3],"tags":[2776,309,921,389,42,27,41],"class_list":["post-8491","post","type-post","status-publish","format-standard","has-post-thumbnail","hentry","category-analog","category-rok-2004","category-tramwaj","tag-2004-03-15","tag-konstal-102na","tag-konstal-102nd","tag-mijanka","tag-mpk-wroclaw","tag-polska","tag-wroclaw"],"_links":{"self":[{"href":"https:\/\/wgphoto.pl\/t\/index.php?rest_route=\/wp\/v2\/posts\/8491","targetHints":{"allow":["GET"]}}],"collection":[{"href":"https:\/\/wgphoto.pl\/t\/index.php?rest_route=\/wp\/v2\/posts"}],"about":[{"href":"https:\/\/wgphoto.pl\/t\/index.php?rest_route=\/wp\/v2\/types\/post"}],"author":[{"embeddable":true,"href":"https:\/\/wgphoto.pl\/t\/index.php?rest_route=\/wp\/v2\/users\/1"}],"replies":[{"embeddable":true,"href":"https:\/\/wgphoto.pl\/t\/index.php?rest_route=%2Fwp%2Fv2%2Fcomments&post=8491"}],"version-history":[{"count":1,"href":"https:\/\/wgphoto.pl\/t\/index.php?rest_route=\/wp\/v2\/posts\/8491\/revisions"}],"predecessor-version":[{"id":8493,"href":"https:\/\/wgphoto.pl\/t\/index.php?rest_route=\/wp\/v2\/posts\/8491\/revisions\/8493"}],"wp:featuredmedia":[{"embeddable":true,"href":"https:\/\/wgphoto.pl\/t\/index.php?rest_route=\/wp\/v2\/media\/8492"}],"wp:attachment":[{"href":"https:\/\/wgphoto.pl\/t\/index.php?rest_route=%2Fwp%2Fv2%2Fmedia&parent=8491"}],"wp:term":[{"taxonomy":"category","embeddable":true,"href":"https:\/\/wgphoto.pl\/t\/index.php?rest_route=%2Fwp%2Fv2%2Fcategories&post=8491"},{"taxonomy":"post_tag","embeddable":true,"href":"https:\/\/wgphoto.pl\/t\/index.php?rest_route=%2Fwp%2Fv2%2Ftags&post=8491"}],"curies":[{"name":"wp","href":"https:\/\/api.w.org\/{rel}","templated":true}]}}