{"id":8494,"date":"2024-12-31T11:52:43","date_gmt":"2024-12-31T10:52:43","guid":{"rendered":"https:\/\/wgphoto.pl\/t\/?p=8494"},"modified":"2024-12-31T11:52:43","modified_gmt":"2024-12-31T10:52:43","slug":"stary-rok-odjezdza-niczym","status":"publish","type":"post","link":"https:\/\/wgphoto.pl\/t\/?p=8494","title":{"rendered":"Stary rok odje\u017cd\u017ca niczym\u2026"},"content":{"rendered":"\n<figure class=\"wp-block-image aligncenter size-full\"><img loading=\"lazy\" decoding=\"async\" width=\"1400\" height=\"928\" src=\"https:\/\/wgphoto.pl\/t\/wp-content\/uploads\/2024\/12\/0419-36.jpg\" alt=\"\" class=\"wp-image-8495\" srcset=\"https:\/\/wgphoto.pl\/t\/wp-content\/uploads\/2024\/12\/0419-36.jpg 1400w, https:\/\/wgphoto.pl\/t\/wp-content\/uploads\/2024\/12\/0419-36-300x199.jpg 300w, https:\/\/wgphoto.pl\/t\/wp-content\/uploads\/2024\/12\/0419-36-768x509.jpg 768w\" sizes=\"auto, (max-width: 1400px) 100vw, 1400px\" \/><\/figure>\n\n\n\n<div class=\"wp-block-group has-global-padding is-layout-constrained wp-block-group-is-layout-constrained\">\n<p>Poci\u0105g osobowy 828 z Jas\u0142a do Rzeszowa, prowadzony SM42-491, odje\u017cd\u017ca ze Strzy\u017cowa. Oliwkowe barwy drugiego wagonu, o ile pami\u0119tam, nie by\u0142y oryginalne. Wagon pomalowano do jakiego\u015b filmu, ale na co dzie\u0144 wozi\u0142 pasa\u017cer\u00f3w. 07.08.2004<\/p>\n<\/div>\n","protected":false},"excerpt":{"rendered":"<p>Poci\u0105g osobowy 828 z Jas\u0142a do Rzeszowa, prowadzony SM42-491, odje\u017cd\u017ca ze Strzy\u017cowa. Oliwkowe barwy drugiego wagonu, o ile pami\u0119tam, nie by\u0142y oryginalne. Wagon pomalowano do jakiego\u015b filmu, ale na co dzie\u0144 wozi\u0142 pasa\u017cer\u00f3w. 07.08.2004<\/p>\n","protected":false},"author":1,"featured_media":8495,"comment_status":"open","ping_status":"","sticky":false,"template":"","format":"standard","meta":{"footnotes":""},"categories":[62,61,3],"tags":[604,173,63,27,139,2231,53,2232,265],"class_list":["post-8494","post","type-post","status-publish","format-standard","has-post-thumbnail","hentry","category-analog","category-rok-2004","category-tramwaj","tag-2004-08-07","tag-koncowki","tag-pkp","tag-polska","tag-retro","tag-strzyzow-nad-wislokiem","tag-sygnalizacja-ksztaltowa","tag-tab-pl132","tag-wagon"],"_links":{"self":[{"href":"https:\/\/wgphoto.pl\/t\/index.php?rest_route=\/wp\/v2\/posts\/8494","targetHints":{"allow":["GET"]}}],"collection":[{"href":"https:\/\/wgphoto.pl\/t\/index.php?rest_route=\/wp\/v2\/posts"}],"about":[{"href":"https:\/\/wgphoto.pl\/t\/index.php?rest_route=\/wp\/v2\/types\/post"}],"author":[{"embeddable":true,"href":"https:\/\/wgphoto.pl\/t\/index.php?rest_route=\/wp\/v2\/users\/1"}],"replies":[{"embeddable":true,"href":"https:\/\/wgphoto.pl\/t\/index.php?rest_route=%2Fwp%2Fv2%2Fcomments&post=8494"}],"version-history":[{"count":1,"href":"https:\/\/wgphoto.pl\/t\/index.php?rest_route=\/wp\/v2\/posts\/8494\/revisions"}],"predecessor-version":[{"id":8496,"href":"https:\/\/wgphoto.pl\/t\/index.php?rest_route=\/wp\/v2\/posts\/8494\/revisions\/8496"}],"wp:featuredmedia":[{"embeddable":true,"href":"https:\/\/wgphoto.pl\/t\/index.php?rest_route=\/wp\/v2\/media\/8495"}],"wp:attachment":[{"href":"https:\/\/wgphoto.pl\/t\/index.php?rest_route=%2Fwp%2Fv2%2Fmedia&parent=8494"}],"wp:term":[{"taxonomy":"category","embeddable":true,"href":"https:\/\/wgphoto.pl\/t\/index.php?rest_route=%2Fwp%2Fv2%2Fcategories&post=8494"},{"taxonomy":"post_tag","embeddable":true,"href":"https:\/\/wgphoto.pl\/t\/index.php?rest_route=%2Fwp%2Fv2%2Ftags&post=8494"}],"curies":[{"name":"wp","href":"https:\/\/api.w.org\/{rel}","templated":true}]}}