{"id":8519,"date":"2024-12-31T12:20:32","date_gmt":"2024-12-31T11:20:32","guid":{"rendered":"https:\/\/wgphoto.pl\/t\/?p=8519"},"modified":"2024-12-31T12:20:32","modified_gmt":"2024-12-31T11:20:32","slug":"godzinna-przerwa-o-zmierzchu","status":"publish","type":"post","link":"https:\/\/wgphoto.pl\/t\/?p=8519","title":{"rendered":"Godzinna przerwa o zmierzchu"},"content":{"rendered":"\n<figure class=\"wp-block-image aligncenter size-full\"><img loading=\"lazy\" decoding=\"async\" width=\"1300\" height=\"861\" src=\"https:\/\/wgphoto.pl\/t\/wp-content\/uploads\/2024\/12\/IMGP6930.jpg\" alt=\"\" class=\"wp-image-8520\" srcset=\"https:\/\/wgphoto.pl\/t\/wp-content\/uploads\/2024\/12\/IMGP6930.jpg 1300w, https:\/\/wgphoto.pl\/t\/wp-content\/uploads\/2024\/12\/IMGP6930-300x199.jpg 300w, https:\/\/wgphoto.pl\/t\/wp-content\/uploads\/2024\/12\/IMGP6930-768x509.jpg 768w\" sizes=\"auto, (max-width: 1300px) 100vw, 1300px\" \/><\/figure>\n\n\n\n<div class=\"wp-block-group has-global-padding is-layout-constrained wp-block-group-is-layout-constrained\">\n<p>45WE-019 za blisko godzin\u0119 odjedzie z Lichkova do K\u0142odzka G\u0142\u00f3wnego. Od zesz\u0142ego rozk\u0142adu jazdy wieczorny poci\u0105g z Lichkova nie jedzie do Wroc\u0142awia, lecz ko\u0144czy bieg w K\u0142odzku, co jest korzystne dla obiegu, ale nie dla turyst\u00f3w. Powr\u00f3t z Czech do Wroc\u0142awia t\u0105 tras\u0105 oznacza najpierw godzinn\u0105 przesiadk\u0119 w Lichkovie, a nast\u0119pnie ju\u017c &#8222;szybk\u0105&#8221; w K\u0142odzku, by we Wroc\u0142awiu zameldowa\u0107 si\u0119 po godz. 23. To znacz\u0105co obni\u017ca atrakcyjno\u015b\u0107 tego po\u0142\u0105czenia, co zreszt\u0105 wida\u0107 po liczbie pasa\u017cer\u00f3w, kt\u00f3rych na og\u00f3\u0142 mo\u017cna policzy\u0107 na palcach jednej r\u0119ki. Nie mia\u0142bym nic przeciwko przerwie w Lichkovie, gdyby o godz. 20 by\u0142a tam czynna jaka\u015b knajpa albo chocia\u017c sklep, ale jest tam totalnie pusto. [27.03.2022]<\/p>\n<\/div>\n","protected":false},"excerpt":{"rendered":"<p>45WE-019 za blisko godzin\u0119 odjedzie z Lichkova do K\u0142odzka G\u0142\u00f3wnego. Od zesz\u0142ego rozk\u0142adu jazdy wieczorny poci\u0105g z Lichkova nie jedzie do Wroc\u0142awia, lecz ko\u0144czy bieg w K\u0142odzku, co jest korzystne dla obiegu, ale nie dla turyst\u00f3w. Powr\u00f3t z Czech do Wroc\u0142awia t\u0105 tras\u0105 oznacza najpierw godzinn\u0105 przesiadk\u0119 w Lichkovie, a nast\u0119pnie ju\u017c &#8222;szybk\u0105&#8221; w K\u0142odzku, [&hellip;]<\/p>\n","protected":false},"author":1,"featured_media":8520,"comment_status":"open","ping_status":"","sticky":false,"template":"","format":"standard","meta":{"footnotes":""},"categories":[2,669],"tags":[2780,499,49,249,402,2051,404,162,90],"class_list":["post-8519","post","type-post","status-publish","format-standard","has-post-thumbnail","hentry","category-kolej","category-rok-2022","tag-2022-03-27","tag-45we","tag-czechy","tag-goscinne-wystepy","tag-kd","tag-lichkov","tag-newag-impuls","tag-niebo","tag-wieczorem"],"_links":{"self":[{"href":"https:\/\/wgphoto.pl\/t\/index.php?rest_route=\/wp\/v2\/posts\/8519","targetHints":{"allow":["GET"]}}],"collection":[{"href":"https:\/\/wgphoto.pl\/t\/index.php?rest_route=\/wp\/v2\/posts"}],"about":[{"href":"https:\/\/wgphoto.pl\/t\/index.php?rest_route=\/wp\/v2\/types\/post"}],"author":[{"embeddable":true,"href":"https:\/\/wgphoto.pl\/t\/index.php?rest_route=\/wp\/v2\/users\/1"}],"replies":[{"embeddable":true,"href":"https:\/\/wgphoto.pl\/t\/index.php?rest_route=%2Fwp%2Fv2%2Fcomments&post=8519"}],"version-history":[{"count":1,"href":"https:\/\/wgphoto.pl\/t\/index.php?rest_route=\/wp\/v2\/posts\/8519\/revisions"}],"predecessor-version":[{"id":8521,"href":"https:\/\/wgphoto.pl\/t\/index.php?rest_route=\/wp\/v2\/posts\/8519\/revisions\/8521"}],"wp:featuredmedia":[{"embeddable":true,"href":"https:\/\/wgphoto.pl\/t\/index.php?rest_route=\/wp\/v2\/media\/8520"}],"wp:attachment":[{"href":"https:\/\/wgphoto.pl\/t\/index.php?rest_route=%2Fwp%2Fv2%2Fmedia&parent=8519"}],"wp:term":[{"taxonomy":"category","embeddable":true,"href":"https:\/\/wgphoto.pl\/t\/index.php?rest_route=%2Fwp%2Fv2%2Fcategories&post=8519"},{"taxonomy":"post_tag","embeddable":true,"href":"https:\/\/wgphoto.pl\/t\/index.php?rest_route=%2Fwp%2Fv2%2Ftags&post=8519"}],"curies":[{"name":"wp","href":"https:\/\/api.w.org\/{rel}","templated":true}]}}