{"id":8529,"date":"2024-12-31T12:24:00","date_gmt":"2024-12-31T11:24:00","guid":{"rendered":"https:\/\/wgphoto.pl\/t\/?p=8529"},"modified":"2024-12-31T12:24:00","modified_gmt":"2024-12-31T11:24:00","slug":"olawa-peron-2","status":"publish","type":"post","link":"https:\/\/wgphoto.pl\/t\/?p=8529","title":{"rendered":"O\u0142awa, peron 2"},"content":{"rendered":"\n<figure class=\"wp-block-image aligncenter size-full\"><img loading=\"lazy\" decoding=\"async\" width=\"1300\" height=\"862\" src=\"https:\/\/wgphoto.pl\/t\/wp-content\/uploads\/2024\/12\/0610-08.jpg\" alt=\"\" class=\"wp-image-8530\" srcset=\"https:\/\/wgphoto.pl\/t\/wp-content\/uploads\/2024\/12\/0610-08.jpg 1300w, https:\/\/wgphoto.pl\/t\/wp-content\/uploads\/2024\/12\/0610-08-300x199.jpg 300w, https:\/\/wgphoto.pl\/t\/wp-content\/uploads\/2024\/12\/0610-08-768x509.jpg 768w\" sizes=\"auto, (max-width: 1300px) 100vw, 1300px\" \/><\/figure>\n\n\n\n<div class=\"wp-block-group has-global-padding is-layout-constrained wp-block-group-is-layout-constrained\">\n<p>EN57-1688 jako poci\u0105g osobowy 4623 relacji K\u0119dzierzyn-Ko\u017ale &#8211; Wroc\u0142aw G\u0142\u00f3wny podczas postoju w O\u0142awie. Przepuszcza\u0142 tu zapewne poci\u0105g wy\u017cszej kategorii, skoro stoi na boku. [12.06.2006]<\/p>\n<\/div>\n","protected":false},"excerpt":{"rendered":"<p>EN57-1688 jako poci\u0105g osobowy 4623 relacji K\u0119dzierzyn-Ko\u017ale &#8211; Wroc\u0142aw G\u0142\u00f3wny podczas postoju w O\u0142awie. Przepuszcza\u0142 tu zapewne poci\u0105g wy\u017cszej kategorii, skoro stoi na boku. [12.06.2006]<\/p>\n","protected":false},"author":1,"featured_media":8530,"comment_status":"open","ping_status":"","sticky":false,"template":"","format":"standard","meta":{"footnotes":""},"categories":[62,2,130],"tags":[2781,132,173,1726,63,27,711],"class_list":["post-8529","post","type-post","status-publish","format-standard","has-post-thumbnail","hentry","category-analog","category-kolej","category-rok-2006","tag-2006-06-12","tag-en57","tag-koncowki","tag-olawa","tag-pkp","tag-polska","tag-tab-pl220"],"_links":{"self":[{"href":"https:\/\/wgphoto.pl\/t\/index.php?rest_route=\/wp\/v2\/posts\/8529","targetHints":{"allow":["GET"]}}],"collection":[{"href":"https:\/\/wgphoto.pl\/t\/index.php?rest_route=\/wp\/v2\/posts"}],"about":[{"href":"https:\/\/wgphoto.pl\/t\/index.php?rest_route=\/wp\/v2\/types\/post"}],"author":[{"embeddable":true,"href":"https:\/\/wgphoto.pl\/t\/index.php?rest_route=\/wp\/v2\/users\/1"}],"replies":[{"embeddable":true,"href":"https:\/\/wgphoto.pl\/t\/index.php?rest_route=%2Fwp%2Fv2%2Fcomments&post=8529"}],"version-history":[{"count":1,"href":"https:\/\/wgphoto.pl\/t\/index.php?rest_route=\/wp\/v2\/posts\/8529\/revisions"}],"predecessor-version":[{"id":8531,"href":"https:\/\/wgphoto.pl\/t\/index.php?rest_route=\/wp\/v2\/posts\/8529\/revisions\/8531"}],"wp:featuredmedia":[{"embeddable":true,"href":"https:\/\/wgphoto.pl\/t\/index.php?rest_route=\/wp\/v2\/media\/8530"}],"wp:attachment":[{"href":"https:\/\/wgphoto.pl\/t\/index.php?rest_route=%2Fwp%2Fv2%2Fmedia&parent=8529"}],"wp:term":[{"taxonomy":"category","embeddable":true,"href":"https:\/\/wgphoto.pl\/t\/index.php?rest_route=%2Fwp%2Fv2%2Fcategories&post=8529"},{"taxonomy":"post_tag","embeddable":true,"href":"https:\/\/wgphoto.pl\/t\/index.php?rest_route=%2Fwp%2Fv2%2Ftags&post=8529"}],"curies":[{"name":"wp","href":"https:\/\/api.w.org\/{rel}","templated":true}]}}